{"id":9813,"date":"2019-05-29T17:22:28","date_gmt":"2019-05-29T15:22:28","guid":{"rendered":"https:\/\/www.galerie-obrist.de\/wordpress\/?p=9813"},"modified":"2019-05-29T17:29:55","modified_gmt":"2019-05-29T15:29:55","slug":"juergen-paas-bis-22-juni","status":"publish","type":"post","link":"https:\/\/www.galerie-obrist.de\/en\/juergen-paas-bis-22-juni\/","title":{"rendered":"J\u00fcrgen Paas &#8211; Until 22 June"},"content":{"rendered":"ngg_shortcode_0_placeholder\n<p><a href=\"https:\/\/www.galerie-obrist.de\/wordpress\/art2buy\/juergen-paas-plaste-elaste-katalog\/\">Ausstellungskatalog &#8220;J\u00fcrgen Paas &#8211; Plaste &#038; Elaste&#8221; bestellen&#8230;<\/a><br \/>\n<img decoding=\"async\" data-src=\"https:\/\/www.galerie-obrist.de\/wordpress\/wp-content\/uploads\/2019\/05\/Katalog-Cover-304x300.png\" alt=\"\" width=\"304\" height=\"300\" class=\"alignleft size-medium wp-image-9807 lazyload\" data-srcset=\"https:\/\/www.galerie-obrist.de\/wordpress\/wp-content\/uploads\/2019\/05\/Katalog-Cover-304x300.png 304w, https:\/\/www.galerie-obrist.de\/wordpress\/wp-content\/uploads\/2019\/05\/Katalog-Cover-100x100.png 100w, https:\/\/www.galerie-obrist.de\/wordpress\/wp-content\/uploads\/2019\/05\/Katalog-Cover-600x591.png 600w, https:\/\/www.galerie-obrist.de\/wordpress\/wp-content\/uploads\/2019\/05\/Katalog-Cover-768x757.png 768w, https:\/\/www.galerie-obrist.de\/wordpress\/wp-content\/uploads\/2019\/05\/Katalog-Cover.png 885w\" data-sizes=\"(max-width: 304px) 100vw, 304px\" src=\"data:image\/svg+xml;base64,PHN2ZyB3aWR0aD0iMSIgaGVpZ2h0PSIxIiB4bWxucz0iaHR0cDovL3d3dy53My5vcmcvMjAwMC9zdmciPjwvc3ZnPg==\" style=\"--smush-placeholder-width: 304px; --smush-placeholder-aspect-ratio: 304\/300;\" \/><\/p>\n<p><a href=\"https:\/\/www.galerie-obrist.de\/wordpress\/category\/2019-05-paas\/\">Posts on this exhibition<\/a><\/p>\n<p><a href=\"https:\/\/www.galerie-obrist.de\/wordpress\/artists\/paas\/\">CV J\u00fcrgen Paas<\/a><\/p>\n<p>J\u00fcrgen Paas. Plaste und Elaste.<br \/>\n18 May &#8211; 22 June, 2019<\/p>\n","protected":false},"excerpt":{"rendered":"<p>Ausstellungskatalog &#8220;J\u00fcrgen Paas &#8211; Plaste &#038; Elaste&#8221; bestellen&#8230; Posts on this exhibition CV J\u00fcrgen Paas J\u00fcrgen Paas. Plaste und Elaste. 18 May &#8211; 22 June, 2019<\/p>\n","protected":false},"author":2,"featured_media":9847,"comment_status":"closed","ping_status":"open","sticky":false,"template":"","format":"standard","meta":{"ngg_post_thumbnail":0,"footnotes":""},"categories":[470],"tags":[219,43,391,104,45,404],"class_list":["post-9813","post","type-post","status-publish","format-standard","has-post-thumbnail","hentry","category-2019-05-paas","tag-ausstellung","tag-installation","tag-jukebox","tag-juergen-paas","tag-katalog","tag-target"],"translation":{"provider":"WPGlobus","version":"3.0.1","language":"en","enabled_languages":["de","en"],"languages":{"de":{"title":true,"content":true,"excerpt":false},"en":{"title":true,"content":true,"excerpt":false}}},"_links":{"self":[{"href":"https:\/\/www.galerie-obrist.de\/en\/wp-json\/wp\/v2\/posts\/9813","targetHints":{"allow":["GET"]}}],"collection":[{"href":"https:\/\/www.galerie-obrist.de\/en\/wp-json\/wp\/v2\/posts"}],"about":[{"href":"https:\/\/www.galerie-obrist.de\/en\/wp-json\/wp\/v2\/types\/post"}],"author":[{"embeddable":true,"href":"https:\/\/www.galerie-obrist.de\/en\/wp-json\/wp\/v2\/users\/2"}],"replies":[{"embeddable":true,"href":"https:\/\/www.galerie-obrist.de\/en\/wp-json\/wp\/v2\/comments?post=9813"}],"version-history":[{"count":4,"href":"https:\/\/www.galerie-obrist.de\/en\/wp-json\/wp\/v2\/posts\/9813\/revisions"}],"predecessor-version":[{"id":10071,"href":"https:\/\/www.galerie-obrist.de\/en\/wp-json\/wp\/v2\/posts\/9813\/revisions\/10071"}],"wp:featuredmedia":[{"embeddable":true,"href":"https:\/\/www.galerie-obrist.de\/en\/wp-json\/wp\/v2\/media\/9847"}],"wp:attachment":[{"href":"https:\/\/www.galerie-obrist.de\/en\/wp-json\/wp\/v2\/media?parent=9813"}],"wp:term":[{"taxonomy":"category","embeddable":true,"href":"https:\/\/www.galerie-obrist.de\/en\/wp-json\/wp\/v2\/categories?post=9813"},{"taxonomy":"post_tag","embeddable":true,"href":"https:\/\/www.galerie-obrist.de\/en\/wp-json\/wp\/v2\/tags?post=9813"}],"curies":[{"name":"wp","href":"https:\/\/api.w.org\/{rel}","templated":true}]}}