{"id":772,"date":"2010-04-20T18:19:18","date_gmt":"2010-04-20T16:19:18","guid":{"rendered":"http:\/\/blog.gam-essen.de\/?p=772"},"modified":"2010-04-20T18:22:21","modified_gmt":"2010-04-20T16:22:21","slug":"anke-grams-meets-picasso","status":"publish","type":"post","link":"https:\/\/www.galerie-obrist.de\/en\/anke-grams-meets-picasso\/","title":{"rendered":"Anke Grams meets Picasso"},"content":{"rendered":"<p><a href=\"http:\/\/blog.gam-essen.de\/wp-content\/uploads\/2010\/04\/picasso-ag.jpg\"><img decoding=\"async\" data-src=\"http:\/\/blog.gam-essen.de\/wp-content\/uploads\/2010\/04\/picasso-ag-150x150.jpg\" alt=\"picasso-ag\" title=\"picasso-ag\" width=\"150\" height=\"150\" class=\"alignnone size-thumbnail wp-image-773 lazyload\" data-srcset=\"https:\/\/www.galerie-obrist.de\/wordpress\/wp-content\/uploads\/2010\/04\/picasso-ag-150x150.jpg 150w, https:\/\/www.galerie-obrist.de\/wordpress\/wp-content\/uploads\/2010\/04\/picasso-ag-300x300.jpg 300w, https:\/\/www.galerie-obrist.de\/wordpress\/wp-content\/uploads\/2010\/04\/picasso-ag-100x100.jpg 100w\" data-sizes=\"(max-width: 150px) 100vw, 150px\" src=\"data:image\/svg+xml;base64,PHN2ZyB3aWR0aD0iMSIgaGVpZ2h0PSIxIiB4bWxucz0iaHR0cDovL3d3dy53My5vcmcvMjAwMC9zdmciPjwvc3ZnPg==\" style=\"--smush-placeholder-width: 150px; --smush-placeholder-aspect-ratio: 150\/150;\" \/><\/a><br \/>\nIn einer Gruppenausstellung zum Thema &#8220;Arkadien&#8221; stellt die St\u00e4dtische Galerie Villingen-Schwenningen Werke zeitgen\u00f6ssischer K\u00fcnstler etwa 50 Arbeiten von Picasso gegen\u00fcber. Neben der neuen Installation &#8220;Garten Eden&#8221; von Anke Grams sind u.a. Arbeiten von Olaf Nicolai und J\u00f6rg Sasse dabei.<br \/>\nDie Ausstellung wird vom 13. Juni bis 29. August 2010 zu sehen sein.<br \/>\n<a href=\"http:\/\/galerie.villingen-schwenningen.de\" target=\"_blank\">Mehr Informationen&#8230;<\/a><\/p>\n","protected":false},"excerpt":{"rendered":"<p>In einer Gruppenausstellung zum Thema &#8220;Arkadien&#8221; stellt die St\u00e4dtische Galerie Villingen-Schwenningen Werke zeitgen\u00f6ssischer K\u00fcnstler etwa 50 Arbeiten von Picasso gegen\u00fcber. Neben der neuen Installation &#8220;Garten Eden&#8221; von Anke Grams sind u.a. Arbeiten von Olaf Nicolai und J\u00f6rg Sasse dabei. Die Ausstellung wird vom 13. Juni bis 29. August 2010 zu sehen sein. Mehr Informationen&#8230;<\/p>\n","protected":false},"author":2,"featured_media":0,"comment_status":"open","ping_status":"open","sticky":false,"template":"","format":"standard","meta":{"ngg_post_thumbnail":0,"footnotes":""},"categories":[1],"tags":[72,43],"class_list":["post-772","post","type-post","status-publish","format-standard","hentry","category-allgemein-misc","tag-anke-grams","tag-installation"],"translation":{"provider":"WPGlobus","version":"3.0.1","language":"en","enabled_languages":["de","en"],"languages":{"de":{"title":true,"content":true,"excerpt":false},"en":{"title":false,"content":false,"excerpt":false}}},"_links":{"self":[{"href":"https:\/\/www.galerie-obrist.de\/en\/wp-json\/wp\/v2\/posts\/772","targetHints":{"allow":["GET"]}}],"collection":[{"href":"https:\/\/www.galerie-obrist.de\/en\/wp-json\/wp\/v2\/posts"}],"about":[{"href":"https:\/\/www.galerie-obrist.de\/en\/wp-json\/wp\/v2\/types\/post"}],"author":[{"embeddable":true,"href":"https:\/\/www.galerie-obrist.de\/en\/wp-json\/wp\/v2\/users\/2"}],"replies":[{"embeddable":true,"href":"https:\/\/www.galerie-obrist.de\/en\/wp-json\/wp\/v2\/comments?post=772"}],"version-history":[{"count":5,"href":"https:\/\/www.galerie-obrist.de\/en\/wp-json\/wp\/v2\/posts\/772\/revisions"}],"predecessor-version":[{"id":778,"href":"https:\/\/www.galerie-obrist.de\/en\/wp-json\/wp\/v2\/posts\/772\/revisions\/778"}],"wp:attachment":[{"href":"https:\/\/www.galerie-obrist.de\/en\/wp-json\/wp\/v2\/media?parent=772"}],"wp:term":[{"taxonomy":"category","embeddable":true,"href":"https:\/\/www.galerie-obrist.de\/en\/wp-json\/wp\/v2\/categories?post=772"},{"taxonomy":"post_tag","embeddable":true,"href":"https:\/\/www.galerie-obrist.de\/en\/wp-json\/wp\/v2\/tags?post=772"}],"curies":[{"name":"wp","href":"https:\/\/api.w.org\/{rel}","templated":true}]}}