{"id":612,"date":"2010-02-05T12:38:23","date_gmt":"2010-02-05T10:38:23","guid":{"rendered":"http:\/\/blog.gam-essen.de\/?p=612"},"modified":"2010-02-20T20:48:13","modified_gmt":"2010-02-20T18:48:13","slug":"wundertute-ist-kulturhauptstadt","status":"publish","type":"post","link":"https:\/\/www.galerie-obrist.de\/en\/wundertute-ist-kulturhauptstadt\/","title":{"rendered":"Wundert\u00fcte ist Kulturhauptstadt!"},"content":{"rendered":"<p><a href=\"http:\/\/blog.gam-essen.de\/wp-content\/uploads\/2010\/02\/wt20101.jpg\"><img decoding=\"async\" class=\"alignleft size-medium wp-image-614 lazyload\" title=\"wt20101\" data-src=\"http:\/\/blog.gam-essen.de\/wp-content\/uploads\/2010\/02\/wt20101-204x300.jpg\" alt=\"wt20101\" width=\"204\" height=\"300\" data-srcset=\"https:\/\/www.galerie-obrist.de\/wordpress\/wp-content\/uploads\/2010\/02\/wt20101-204x300.jpg 204w, https:\/\/www.galerie-obrist.de\/wordpress\/wp-content\/uploads\/2010\/02\/wt20101.jpg 453w\" data-sizes=\"(max-width: 204px) 100vw, 204px\" src=\"data:image\/svg+xml;base64,PHN2ZyB3aWR0aD0iMSIgaGVpZ2h0PSIxIiB4bWxucz0iaHR0cDovL3d3dy53My5vcmcvMjAwMC9zdmciPjwvc3ZnPg==\" style=\"--smush-placeholder-width: 204px; --smush-placeholder-aspect-ratio: 204\/300;\" \/><\/a><\/p>\n<p>In Kooperation mit der RUHR.2010 haben wir eine Sonderedition der Wundert\u00fcte: &#8220;RUHR.2010 &#8211; FOTOGRAFIEN AUS DER METROPOLE RUHR&#8221; aufgelegt. Zum Preis von nur 25 EUR kann diese T\u00fcte ab sofort online bestellt werden unter<br \/>\n&#8211; <a class=\"moz-txt-link-freetext\" href=\"http:\/\/www.kunst-in-tueten.de\/\" target=\"_blank\">http:\/\/www.kunst-in-tueten.de<\/a><br \/>\nDer bekannte Fotograf NORBERT ENKER hat 38 verschiedene Originalmotive aus seinem Portfolio f\u00fcr diese au\u00dfergew\u00f6hnliche Aktion zur Verf\u00fcgung gestellt und in Wundert\u00fcten gesteckt.<br \/>\nAls besonderes \u00dcberraschungserlebnis, als Geschenk oder als Bereicherung der eigenen Fotosammlung &#8211; Das ideale Souvenir aus Europas Kulturhauptstadt 2010 ist nun online und in vielen Vertriebstellen der RUHR.2010 erh\u00e4ltlich!<\/p>\n","protected":false},"excerpt":{"rendered":"<p>In Kooperation mit der RUHR.2010 haben wir eine Sonderedition der Wundert\u00fcte: &#8220;RUHR.2010 &#8211; FOTOGRAFIEN AUS DER METROPOLE RUHR&#8221; aufgelegt. Zum Preis von nur 25 EUR kann diese T\u00fcte ab sofort online bestellt werden unter &#8211; http:\/\/www.kunst-in-tueten.de Der bekannte Fotograf NORBERT ENKER hat 38 verschiedene Originalmotive aus seinem Portfolio f\u00fcr diese au\u00dfergew\u00f6hnliche Aktion zur Verf\u00fcgung gestellt &hellip; <\/p>\n<p class=\"link-more\"><a href=\"https:\/\/www.galerie-obrist.de\/en\/wundertute-ist-kulturhauptstadt\/\" class=\"more-link\">Read more<span class=\"screen-reader-text\"> &#8220;Wundert\u00fcte ist Kulturhauptstadt!&#8221;<\/span><\/a><\/p>\n","protected":false},"author":2,"featured_media":0,"comment_status":"open","ping_status":"open","sticky":false,"template":"","format":"standard","meta":{"ngg_post_thumbnail":0,"footnotes":""},"categories":[58,1],"tags":[65,66,62],"class_list":["post-612","post","type-post","status-publish","format-standard","hentry","category-2009-11wundertuete","category-allgemein-misc","tag-norbert-enker","tag-ruhr2010","tag-wundertute"],"translation":{"provider":"WPGlobus","version":"3.0.2","language":"en","enabled_languages":["de","en"],"languages":{"de":{"title":true,"content":true,"excerpt":false},"en":{"title":false,"content":false,"excerpt":false}}},"_links":{"self":[{"href":"https:\/\/www.galerie-obrist.de\/en\/wp-json\/wp\/v2\/posts\/612","targetHints":{"allow":["GET"]}}],"collection":[{"href":"https:\/\/www.galerie-obrist.de\/en\/wp-json\/wp\/v2\/posts"}],"about":[{"href":"https:\/\/www.galerie-obrist.de\/en\/wp-json\/wp\/v2\/types\/post"}],"author":[{"embeddable":true,"href":"https:\/\/www.galerie-obrist.de\/en\/wp-json\/wp\/v2\/users\/2"}],"replies":[{"embeddable":true,"href":"https:\/\/www.galerie-obrist.de\/en\/wp-json\/wp\/v2\/comments?post=612"}],"version-history":[{"count":4,"href":"https:\/\/www.galerie-obrist.de\/en\/wp-json\/wp\/v2\/posts\/612\/revisions"}],"predecessor-version":[{"id":707,"href":"https:\/\/www.galerie-obrist.de\/en\/wp-json\/wp\/v2\/posts\/612\/revisions\/707"}],"wp:attachment":[{"href":"https:\/\/www.galerie-obrist.de\/en\/wp-json\/wp\/v2\/media?parent=612"}],"wp:term":[{"taxonomy":"category","embeddable":true,"href":"https:\/\/www.galerie-obrist.de\/en\/wp-json\/wp\/v2\/categories?post=612"},{"taxonomy":"post_tag","embeddable":true,"href":"https:\/\/www.galerie-obrist.de\/en\/wp-json\/wp\/v2\/tags?post=612"}],"curies":[{"name":"wp","href":"https:\/\/api.w.org\/{rel}","templated":true}]}}