{"id":570,"date":"2009-11-28T16:16:08","date_gmt":"2009-11-28T14:16:08","guid":{"rendered":"http:\/\/blog.gam-essen.de\/?p=570"},"modified":"2009-12-10T11:53:07","modified_gmt":"2009-12-10T09:53:07","slug":"ausstellungsrundgang-wundertuete-09","status":"publish","type":"post","link":"https:\/\/www.galerie-obrist.de\/en\/ausstellungsrundgang-wundertuete-09\/","title":{"rendered":"Ausstellungsrundgang Wundertuete 09"},"content":{"rendered":"<p>Die Fotos skizzieren unsere aktuelle Ausstellung &#8220;Wundertuete &#8211; Die Kunst in Tueten&#8221;, Thema &#8220;Fremdes Terrain&#8221;. Alle K\u00fcnstler und K\u00fcnstlerinnen, die an der Wundert\u00fcte teilgenommen haben, sind darin mit 1-2 Werken vertreten.<\/p>\n<figure id=\"attachment_592\" aria-describedby=\"caption-attachment-592\" style=\"width: 150px\" class=\"wp-caption alignnone\"><a href=\"http:\/\/blog.gam-essen.de\/wp-content\/uploads\/2009\/11\/hensel-schreiber-zika1.jpg\"><img decoding=\"async\" class=\"size-thumbnail wp-image-592 lazyload\" title=\"hensel-schreiber-zika1\" data-src=\"http:\/\/blog.gam-essen.de\/wp-content\/uploads\/2009\/11\/hensel-schreiber-zika1-150x150.jpg\" alt=\"Lena Hensel, Anja Schreiber, Thomas Zika\" width=\"150\" height=\"150\" data-srcset=\"https:\/\/www.galerie-obrist.de\/wordpress\/wp-content\/uploads\/2009\/11\/hensel-schreiber-zika1-150x150.jpg 150w, https:\/\/www.galerie-obrist.de\/wordpress\/wp-content\/uploads\/2009\/11\/hensel-schreiber-zika1-300x300.jpg 300w, https:\/\/www.galerie-obrist.de\/wordpress\/wp-content\/uploads\/2009\/11\/hensel-schreiber-zika1-100x100.jpg 100w\" data-sizes=\"(max-width: 150px) 100vw, 150px\" src=\"data:image\/svg+xml;base64,PHN2ZyB3aWR0aD0iMSIgaGVpZ2h0PSIxIiB4bWxucz0iaHR0cDovL3d3dy53My5vcmcvMjAwMC9zdmciPjwvc3ZnPg==\" style=\"--smush-placeholder-width: 150px; --smush-placeholder-aspect-ratio: 150\/150;\" \/><\/a><figcaption id=\"caption-attachment-592\" class=\"wp-caption-text\">Lena Hensel, Anja Schreiber, Thomas Zika<\/figcaption><\/figure>\n<figure id=\"attachment_574\" aria-describedby=\"caption-attachment-574\" style=\"width: 150px\" class=\"wp-caption alignnone\"><a href=\"http:\/\/blog.gam-essen.de\/wp-content\/uploads\/2009\/11\/wt09-022.jpg\"><img decoding=\"async\" class=\"size-thumbnail wp-image-574 lazyload\" title=\"wt09-022\" data-src=\"http:\/\/blog.gam-essen.de\/wp-content\/uploads\/2009\/11\/wt09-022-150x150.jpg\" alt=\"Thomas Zika, M. Schulze Wehninck, Robin Horsch, J\u00f6rg W. Schirmer\" width=\"150\" height=\"150\" data-srcset=\"https:\/\/www.galerie-obrist.de\/wordpress\/wp-content\/uploads\/2009\/11\/wt09-022-150x150.jpg 150w, https:\/\/www.galerie-obrist.de\/wordpress\/wp-content\/uploads\/2009\/11\/wt09-022-300x300.jpg 300w, https:\/\/www.galerie-obrist.de\/wordpress\/wp-content\/uploads\/2009\/11\/wt09-022-100x100.jpg 100w\" data-sizes=\"(max-width: 150px) 100vw, 150px\" src=\"data:image\/svg+xml;base64,PHN2ZyB3aWR0aD0iMSIgaGVpZ2h0PSIxIiB4bWxucz0iaHR0cDovL3d3dy53My5vcmcvMjAwMC9zdmciPjwvc3ZnPg==\" style=\"--smush-placeholder-width: 150px; --smush-placeholder-aspect-ratio: 150\/150;\" \/><\/a><figcaption id=\"caption-attachment-574\" class=\"wp-caption-text\">Thomas Zika, M. Schulze Wehninck, Robin Horsch, J\u00f6rg W. Schirmer<\/figcaption><\/figure>\n<figure id=\"attachment_575\" aria-describedby=\"caption-attachment-575\" style=\"width: 150px\" class=\"wp-caption alignnone\"><a href=\"http:\/\/blog.gam-essen.de\/wp-content\/uploads\/2009\/11\/wt09-031.jpg\"><img decoding=\"async\" class=\"size-thumbnail wp-image-575 lazyload\" title=\"wt09-031\" data-src=\"http:\/\/blog.gam-essen.de\/wp-content\/uploads\/2009\/11\/wt09-031-150x150.jpg\" alt=\"Shinichi Tsuchiya, J\u00f6rg W. Schirmer\" width=\"150\" height=\"150\" data-srcset=\"https:\/\/www.galerie-obrist.de\/wordpress\/wp-content\/uploads\/2009\/11\/wt09-031-150x150.jpg 150w, https:\/\/www.galerie-obrist.de\/wordpress\/wp-content\/uploads\/2009\/11\/wt09-031-300x300.jpg 300w, https:\/\/www.galerie-obrist.de\/wordpress\/wp-content\/uploads\/2009\/11\/wt09-031-100x100.jpg 100w\" data-sizes=\"(max-width: 150px) 100vw, 150px\" src=\"data:image\/svg+xml;base64,PHN2ZyB3aWR0aD0iMSIgaGVpZ2h0PSIxIiB4bWxucz0iaHR0cDovL3d3dy53My5vcmcvMjAwMC9zdmciPjwvc3ZnPg==\" style=\"--smush-placeholder-width: 150px; --smush-placeholder-aspect-ratio: 150\/150;\" \/><\/a><figcaption id=\"caption-attachment-575\" class=\"wp-caption-text\">Shinichi Tsuchiya, J\u00f6rg W. Schirmer<\/figcaption><\/figure>\n<figure id=\"attachment_576\" aria-describedby=\"caption-attachment-576\" style=\"width: 150px\" class=\"wp-caption alignnone\"><a href=\"http:\/\/blog.gam-essen.de\/wp-content\/uploads\/2009\/11\/wt09-041.jpg\"><img decoding=\"async\" class=\"size-thumbnail wp-image-576 lazyload\" title=\"wt09-041\" data-src=\"http:\/\/blog.gam-essen.de\/wp-content\/uploads\/2009\/11\/wt09-041-150x150.jpg\" alt=\"Johannes Gramm, Andreas Titzrath, Helge Emmaneel, Julia Willms\" width=\"150\" height=\"150\" data-srcset=\"https:\/\/www.galerie-obrist.de\/wordpress\/wp-content\/uploads\/2009\/11\/wt09-041-150x150.jpg 150w, https:\/\/www.galerie-obrist.de\/wordpress\/wp-content\/uploads\/2009\/11\/wt09-041-300x300.jpg 300w, https:\/\/www.galerie-obrist.de\/wordpress\/wp-content\/uploads\/2009\/11\/wt09-041-100x100.jpg 100w\" data-sizes=\"(max-width: 150px) 100vw, 150px\" src=\"data:image\/svg+xml;base64,PHN2ZyB3aWR0aD0iMSIgaGVpZ2h0PSIxIiB4bWxucz0iaHR0cDovL3d3dy53My5vcmcvMjAwMC9zdmciPjwvc3ZnPg==\" style=\"--smush-placeholder-width: 150px; --smush-placeholder-aspect-ratio: 150\/150;\" \/><\/a><figcaption id=\"caption-attachment-576\" class=\"wp-caption-text\">Johannes Gramm, Andreas Titzrath, Helge Emmaneel, Julia Willms<\/figcaption><\/figure>\n<figure id=\"attachment_589\" aria-describedby=\"caption-attachment-589\" style=\"width: 150px\" class=\"wp-caption alignnone\"><a href=\"http:\/\/blog.gam-essen.de\/wp-content\/uploads\/2009\/11\/willms-scholz.jpg\"><img decoding=\"async\" class=\"size-thumbnail wp-image-589 lazyload\" title=\"willms-scholz\" data-src=\"http:\/\/blog.gam-essen.de\/wp-content\/uploads\/2009\/11\/willms-scholz-150x150.jpg\" alt=\"Julia Willms, Andy Scholz\" width=\"150\" height=\"150\" data-srcset=\"https:\/\/www.galerie-obrist.de\/wordpress\/wp-content\/uploads\/2009\/11\/willms-scholz-150x150.jpg 150w, https:\/\/www.galerie-obrist.de\/wordpress\/wp-content\/uploads\/2009\/11\/willms-scholz-300x300.jpg 300w, https:\/\/www.galerie-obrist.de\/wordpress\/wp-content\/uploads\/2009\/11\/willms-scholz-100x100.jpg 100w\" data-sizes=\"(max-width: 150px) 100vw, 150px\" src=\"data:image\/svg+xml;base64,PHN2ZyB3aWR0aD0iMSIgaGVpZ2h0PSIxIiB4bWxucz0iaHR0cDovL3d3dy53My5vcmcvMjAwMC9zdmciPjwvc3ZnPg==\" style=\"--smush-placeholder-width: 150px; --smush-placeholder-aspect-ratio: 150\/150;\" \/><\/a><figcaption id=\"caption-attachment-589\" class=\"wp-caption-text\">Julia Willms, Andy Scholz<\/figcaption><\/figure>\n<figure id=\"attachment_578\" aria-describedby=\"caption-attachment-578\" style=\"width: 150px\" class=\"wp-caption alignnone\"><a href=\"http:\/\/blog.gam-essen.de\/wp-content\/uploads\/2009\/11\/wt09-06.jpg\"><img decoding=\"async\" class=\"size-thumbnail wp-image-578 lazyload\" title=\"wt09-06\" data-src=\"http:\/\/blog.gam-essen.de\/wp-content\/uploads\/2009\/11\/wt09-06-150x150.jpg\" alt=\"Sandra Setzkorn, David Alc\u00e1ntara, Dieter Kr\u00e4nzlein, Frederik Jan van den Berg, Christian Paulsen\" width=\"150\" height=\"150\" data-srcset=\"https:\/\/www.galerie-obrist.de\/wordpress\/wp-content\/uploads\/2009\/11\/wt09-06-150x150.jpg 150w, https:\/\/www.galerie-obrist.de\/wordpress\/wp-content\/uploads\/2009\/11\/wt09-06-300x300.jpg 300w, https:\/\/www.galerie-obrist.de\/wordpress\/wp-content\/uploads\/2009\/11\/wt09-06-100x100.jpg 100w\" data-sizes=\"(max-width: 150px) 100vw, 150px\" src=\"data:image\/svg+xml;base64,PHN2ZyB3aWR0aD0iMSIgaGVpZ2h0PSIxIiB4bWxucz0iaHR0cDovL3d3dy53My5vcmcvMjAwMC9zdmciPjwvc3ZnPg==\" style=\"--smush-placeholder-width: 150px; --smush-placeholder-aspect-ratio: 150\/150;\" \/><\/a><figcaption id=\"caption-attachment-578\" class=\"wp-caption-text\">Sandra Setzkorn, David Alc\u00e1ntara, Dieter Kr\u00e4nzlein, Frederik Jan van den Berg, Christian Paulsen<\/figcaption><\/figure>\n<figure id=\"attachment_579\" aria-describedby=\"caption-attachment-579\" style=\"width: 150px\" class=\"wp-caption alignnone\"><a href=\"http:\/\/blog.gam-essen.de\/wp-content\/uploads\/2009\/11\/wt09-07.jpg\"><img decoding=\"async\" class=\"size-thumbnail wp-image-579 lazyload\" title=\"wt09-07\" data-src=\"http:\/\/blog.gam-essen.de\/wp-content\/uploads\/2009\/11\/wt09-07-150x150.jpg\" alt=\"Peter Schl\u00f6r, Tina Reins\" width=\"150\" height=\"150\" data-srcset=\"https:\/\/www.galerie-obrist.de\/wordpress\/wp-content\/uploads\/2009\/11\/wt09-07-150x150.jpg 150w, https:\/\/www.galerie-obrist.de\/wordpress\/wp-content\/uploads\/2009\/11\/wt09-07-300x300.jpg 300w, https:\/\/www.galerie-obrist.de\/wordpress\/wp-content\/uploads\/2009\/11\/wt09-07-100x100.jpg 100w\" data-sizes=\"(max-width: 150px) 100vw, 150px\" src=\"data:image\/svg+xml;base64,PHN2ZyB3aWR0aD0iMSIgaGVpZ2h0PSIxIiB4bWxucz0iaHR0cDovL3d3dy53My5vcmcvMjAwMC9zdmciPjwvc3ZnPg==\" style=\"--smush-placeholder-width: 150px; --smush-placeholder-aspect-ratio: 150\/150;\" \/><\/a><figcaption id=\"caption-attachment-579\" class=\"wp-caption-text\">Peter Schl\u00f6r, Tina Reins<\/figcaption><\/figure>\n<figure id=\"attachment_580\" aria-describedby=\"caption-attachment-580\" style=\"width: 150px\" class=\"wp-caption alignnone\"><a href=\"http:\/\/blog.gam-essen.de\/wp-content\/uploads\/2009\/11\/wt09-08.jpg\"><img decoding=\"async\" class=\"size-thumbnail wp-image-580 lazyload\" title=\"wt09-08\" data-src=\"http:\/\/blog.gam-essen.de\/wp-content\/uploads\/2009\/11\/wt09-08-150x150.jpg\" alt=\"Wiebke Bartsch, Marcela B\u00f6hm, D. Schulte am H\u00fclse\" width=\"150\" height=\"150\" data-srcset=\"https:\/\/www.galerie-obrist.de\/wordpress\/wp-content\/uploads\/2009\/11\/wt09-08-150x150.jpg 150w, https:\/\/www.galerie-obrist.de\/wordpress\/wp-content\/uploads\/2009\/11\/wt09-08-300x300.jpg 300w, https:\/\/www.galerie-obrist.de\/wordpress\/wp-content\/uploads\/2009\/11\/wt09-08-100x100.jpg 100w\" data-sizes=\"(max-width: 150px) 100vw, 150px\" src=\"data:image\/svg+xml;base64,PHN2ZyB3aWR0aD0iMSIgaGVpZ2h0PSIxIiB4bWxucz0iaHR0cDovL3d3dy53My5vcmcvMjAwMC9zdmciPjwvc3ZnPg==\" style=\"--smush-placeholder-width: 150px; --smush-placeholder-aspect-ratio: 150\/150;\" \/><\/a><figcaption id=\"caption-attachment-580\" class=\"wp-caption-text\">Wiebke Bartsch, Marcela B\u00f6hm, D. Schulte am H\u00fclse<\/figcaption><\/figure>\n<figure id=\"attachment_590\" aria-describedby=\"caption-attachment-590\" style=\"width: 150px\" class=\"wp-caption alignnone\"><a href=\"http:\/\/blog.gam-essen.de\/wp-content\/uploads\/2009\/11\/bohnenkamp-bartsch.jpg\"><img decoding=\"async\" class=\"size-thumbnail wp-image-590 lazyload\" title=\"bohnenkamp-bartsch\" data-src=\"http:\/\/blog.gam-essen.de\/wp-content\/uploads\/2009\/11\/bohnenkamp-bartsch-150x150.jpg\" alt=\"Ralf Bohnenkamp, Sandra Schiwara, Wiebke Bartsch (Plastik)\" width=\"150\" height=\"150\" data-srcset=\"https:\/\/www.galerie-obrist.de\/wordpress\/wp-content\/uploads\/2009\/11\/bohnenkamp-bartsch-150x150.jpg 150w, https:\/\/www.galerie-obrist.de\/wordpress\/wp-content\/uploads\/2009\/11\/bohnenkamp-bartsch-300x300.jpg 300w, https:\/\/www.galerie-obrist.de\/wordpress\/wp-content\/uploads\/2009\/11\/bohnenkamp-bartsch-100x100.jpg 100w\" data-sizes=\"(max-width: 150px) 100vw, 150px\" src=\"data:image\/svg+xml;base64,PHN2ZyB3aWR0aD0iMSIgaGVpZ2h0PSIxIiB4bWxucz0iaHR0cDovL3d3dy53My5vcmcvMjAwMC9zdmciPjwvc3ZnPg==\" style=\"--smush-placeholder-width: 150px; --smush-placeholder-aspect-ratio: 150\/150;\" \/><\/a><figcaption id=\"caption-attachment-590\" class=\"wp-caption-text\">Ralf Bohnenkamp, Sandra Schiwara, Wiebke Bartsch (Plastik)<\/figcaption><\/figure>\n<figure id=\"attachment_582\" aria-describedby=\"caption-attachment-582\" style=\"width: 150px\" class=\"wp-caption alignnone\"><a href=\"http:\/\/blog.gam-essen.de\/wp-content\/uploads\/2009\/11\/wt09-10.jpg\"><img decoding=\"async\" class=\"size-thumbnail wp-image-582 lazyload\" title=\"wt09-10\" data-src=\"http:\/\/blog.gam-essen.de\/wp-content\/uploads\/2009\/11\/wt09-10-150x150.jpg\" alt=\"Angela Weber, Seok Lee, F.D. Bunsen, Eberhard Ross\" width=\"150\" height=\"150\" data-srcset=\"https:\/\/www.galerie-obrist.de\/wordpress\/wp-content\/uploads\/2009\/11\/wt09-10-150x150.jpg 150w, https:\/\/www.galerie-obrist.de\/wordpress\/wp-content\/uploads\/2009\/11\/wt09-10-300x300.jpg 300w, https:\/\/www.galerie-obrist.de\/wordpress\/wp-content\/uploads\/2009\/11\/wt09-10-100x100.jpg 100w\" data-sizes=\"(max-width: 150px) 100vw, 150px\" src=\"data:image\/svg+xml;base64,PHN2ZyB3aWR0aD0iMSIgaGVpZ2h0PSIxIiB4bWxucz0iaHR0cDovL3d3dy53My5vcmcvMjAwMC9zdmciPjwvc3ZnPg==\" style=\"--smush-placeholder-width: 150px; --smush-placeholder-aspect-ratio: 150\/150;\" \/><\/a><figcaption id=\"caption-attachment-582\" class=\"wp-caption-text\">Angela Weber, Seok Lee, F.D. Bunsen, Eberhard Ross<\/figcaption><\/figure>\n<figure id=\"attachment_583\" aria-describedby=\"caption-attachment-583\" style=\"width: 150px\" class=\"wp-caption alignnone\"><a href=\"http:\/\/blog.gam-essen.de\/wp-content\/uploads\/2009\/11\/wt09-11.jpg\"><img decoding=\"async\" class=\"size-thumbnail wp-image-583 lazyload\" title=\"wt09-11\" data-src=\"http:\/\/blog.gam-essen.de\/wp-content\/uploads\/2009\/11\/wt09-11-150x150.jpg\" alt=\"Ayse Arslan, Michael Goller\" width=\"150\" height=\"150\" data-srcset=\"https:\/\/www.galerie-obrist.de\/wordpress\/wp-content\/uploads\/2009\/11\/wt09-11-150x150.jpg 150w, https:\/\/www.galerie-obrist.de\/wordpress\/wp-content\/uploads\/2009\/11\/wt09-11-300x300.jpg 300w, https:\/\/www.galerie-obrist.de\/wordpress\/wp-content\/uploads\/2009\/11\/wt09-11-100x100.jpg 100w\" data-sizes=\"(max-width: 150px) 100vw, 150px\" src=\"data:image\/svg+xml;base64,PHN2ZyB3aWR0aD0iMSIgaGVpZ2h0PSIxIiB4bWxucz0iaHR0cDovL3d3dy53My5vcmcvMjAwMC9zdmciPjwvc3ZnPg==\" style=\"--smush-placeholder-width: 150px; --smush-placeholder-aspect-ratio: 150\/150;\" \/><\/a><figcaption id=\"caption-attachment-583\" class=\"wp-caption-text\">Ayse Arslan, Michael Goller<\/figcaption><\/figure>\n","protected":false},"excerpt":{"rendered":"<p>Die Fotos skizzieren unsere aktuelle Ausstellung &#8220;Wundertuete &#8211; Die Kunst in Tueten&#8221;, Thema &#8220;Fremdes Terrain&#8221;. Alle K\u00fcnstler und K\u00fcnstlerinnen, die an der Wundert\u00fcte teilgenommen haben, sind darin mit 1-2 Werken vertreten.<\/p>\n","protected":false},"author":2,"featured_media":0,"comment_status":"open","ping_status":"open","sticky":false,"template":"","format":"standard","meta":{"ngg_post_thumbnail":0,"footnotes":""},"categories":[58],"tags":[33,52,37,13,12,60,21,16,38,35,64,15,11,62],"class_list":["post-570","post","type-post","status-publish","format-standard","hentry","category-2009-11wundertuete","tag-andreas-titzrath","tag-andy-scholz","tag-david-alcantara","tag-dieter-kraenzlein","tag-eberhard-ross","tag-frederik-jan-van-den-berg","tag-helge-emmaneel","tag-julia-willms","tag-marcela-boehm","tag-michael-goller","tag-peter-schloer","tag-robin-horsch","tag-shinichi-tsuchiya","tag-wundertute"],"translation":{"provider":"WPGlobus","version":"3.0.2","language":"en","enabled_languages":["de","en"],"languages":{"de":{"title":true,"content":true,"excerpt":false},"en":{"title":false,"content":false,"excerpt":false}}},"_links":{"self":[{"href":"https:\/\/www.galerie-obrist.de\/en\/wp-json\/wp\/v2\/posts\/570","targetHints":{"allow":["GET"]}}],"collection":[{"href":"https:\/\/www.galerie-obrist.de\/en\/wp-json\/wp\/v2\/posts"}],"about":[{"href":"https:\/\/www.galerie-obrist.de\/en\/wp-json\/wp\/v2\/types\/post"}],"author":[{"embeddable":true,"href":"https:\/\/www.galerie-obrist.de\/en\/wp-json\/wp\/v2\/users\/2"}],"replies":[{"embeddable":true,"href":"https:\/\/www.galerie-obrist.de\/en\/wp-json\/wp\/v2\/comments?post=570"}],"version-history":[{"count":4,"href":"https:\/\/www.galerie-obrist.de\/en\/wp-json\/wp\/v2\/posts\/570\/revisions"}],"predecessor-version":[{"id":588,"href":"https:\/\/www.galerie-obrist.de\/en\/wp-json\/wp\/v2\/posts\/570\/revisions\/588"}],"wp:attachment":[{"href":"https:\/\/www.galerie-obrist.de\/en\/wp-json\/wp\/v2\/media?parent=570"}],"wp:term":[{"taxonomy":"category","embeddable":true,"href":"https:\/\/www.galerie-obrist.de\/en\/wp-json\/wp\/v2\/categories?post=570"},{"taxonomy":"post_tag","embeddable":true,"href":"https:\/\/www.galerie-obrist.de\/en\/wp-json\/wp\/v2\/tags?post=570"}],"curies":[{"name":"wp","href":"https:\/\/api.w.org\/{rel}","templated":true}]}}