{"id":552,"date":"2009-11-19T16:06:07","date_gmt":"2009-11-19T14:06:07","guid":{"rendered":"http:\/\/blog.gam-essen.de\/?p=552"},"modified":"2009-11-19T16:06:25","modified_gmt":"2009-11-19T14:06:25","slug":"vernissage-wundertuete-0909","status":"publish","type":"post","link":"https:\/\/www.galerie-obrist.de\/en\/vernissage-wundertuete-0909\/","title":{"rendered":"Vernissage Wundertuete 09\/09"},"content":{"rendered":"<p><a href=\"http:\/\/blog.gam-essen.de\/wp-content\/uploads\/2009\/11\/viele-tueten-www.jpg\"><img decoding=\"async\" class=\"alignnone size-thumbnail wp-image-553 lazyload\" title=\"viele-tueten-www\" data-src=\"http:\/\/blog.gam-essen.de\/wp-content\/uploads\/2009\/11\/viele-tueten-www-150x150.jpg\" alt=\"viele-tueten-www\" width=\"150\" height=\"150\" data-srcset=\"https:\/\/www.galerie-obrist.de\/wordpress\/wp-content\/uploads\/2009\/11\/viele-tueten-www-150x150.jpg 150w, https:\/\/www.galerie-obrist.de\/wordpress\/wp-content\/uploads\/2009\/11\/viele-tueten-www-300x300.jpg 300w, https:\/\/www.galerie-obrist.de\/wordpress\/wp-content\/uploads\/2009\/11\/viele-tueten-www-100x100.jpg 100w\" data-sizes=\"(max-width: 150px) 100vw, 150px\" src=\"data:image\/svg+xml;base64,PHN2ZyB3aWR0aD0iMSIgaGVpZ2h0PSIxIiB4bWxucz0iaHR0cDovL3d3dy53My5vcmcvMjAwMC9zdmciPjwvc3ZnPg==\" style=\"--smush-placeholder-width: 150px; --smush-placeholder-aspect-ratio: 150\/150;\" \/><\/a> <a href=\"http:\/\/blog.gam-essen.de\/wp-content\/uploads\/2009\/11\/ausstellungwt09.jpg\"><img decoding=\"async\" class=\"alignnone size-thumbnail wp-image-554 lazyload\" title=\"ausstellungwt09\" data-src=\"http:\/\/blog.gam-essen.de\/wp-content\/uploads\/2009\/11\/ausstellungwt09-150x150.jpg\" alt=\"ausstellungwt09\" width=\"150\" height=\"150\" data-srcset=\"https:\/\/www.galerie-obrist.de\/wordpress\/wp-content\/uploads\/2009\/11\/ausstellungwt09-150x150.jpg 150w, https:\/\/www.galerie-obrist.de\/wordpress\/wp-content\/uploads\/2009\/11\/ausstellungwt09-300x300.jpg 300w, https:\/\/www.galerie-obrist.de\/wordpress\/wp-content\/uploads\/2009\/11\/ausstellungwt09-100x100.jpg 100w\" data-sizes=\"(max-width: 150px) 100vw, 150px\" src=\"data:image\/svg+xml;base64,PHN2ZyB3aWR0aD0iMSIgaGVpZ2h0PSIxIiB4bWxucz0iaHR0cDovL3d3dy53My5vcmcvMjAwMC9zdmciPjwvc3ZnPg==\" style=\"--smush-placeholder-width: 150px; --smush-placeholder-aspect-ratio: 150\/150;\" \/><\/a><\/p>\n<p>Am Freitag, 20. November 2009, er\u00f6ffnen wir ab 19 Uhr die neunte Edition der &#8220;Wundert\u00fcte &#8211; Die Kunst in T\u00fcten&#8221;. Mit ann\u00e4hernd drei\u00dfig K\u00fcnstlern wird dies die bisher gr\u00f6\u00dfte Edition. Insbesondere haben wir auch einige bekannte Essener K\u00fcnstler eingeladen, erstmals an der &#8220;Wundert\u00fcte&#8221; teilzunehmen: Johannes Gramm, Christian Paulsen und J\u00f6rg W. Schirmer.<\/p>\n<p>Mit der &#8220;Wundert\u00fcte&#8221; wird auch die Gruppenausstellung der teilnehmenden K\u00fcnstlerinnen und K\u00fcnstler er\u00f6ffnet, die diesmal unter dem Thema &#8220;Fremdes Terrain&#8221; steht. Wir freuen uns auf die Er\u00f6ffnung, und laden Sie herzlichst ein, zu kommen.<\/p>\n","protected":false},"excerpt":{"rendered":"<p>Am Freitag, 20. November 2009, er\u00f6ffnen wir ab 19 Uhr die neunte Edition der &#8220;Wundert\u00fcte &#8211; Die Kunst in T\u00fcten&#8221;. Mit ann\u00e4hernd drei\u00dfig K\u00fcnstlern wird dies die bisher gr\u00f6\u00dfte Edition. Insbesondere haben wir auch einige bekannte Essener K\u00fcnstler eingeladen, erstmals an der &#8220;Wundert\u00fcte&#8221; teilzunehmen: Johannes Gramm, Christian Paulsen und J\u00f6rg W. Schirmer. Mit der &#8220;Wundert\u00fcte&#8221; &hellip; <\/p>\n<p class=\"link-more\"><a href=\"https:\/\/www.galerie-obrist.de\/en\/vernissage-wundertuete-0909\/\" class=\"more-link\">Read more<span class=\"screen-reader-text\"> &#8220;Vernissage Wundertuete 09\/09&#8221;<\/span><\/a><\/p>\n","protected":false},"author":2,"featured_media":0,"comment_status":"open","ping_status":"open","sticky":false,"template":"","format":"standard","meta":{"ngg_post_thumbnail":0,"footnotes":""},"categories":[58],"tags":[50,62],"class_list":["post-552","post","type-post","status-publish","format-standard","hentry","category-2009-11wundertuete","tag-ausstellungseroffnung","tag-wundertute"],"translation":{"provider":"WPGlobus","version":"3.0.2","language":"en","enabled_languages":["de","en"],"languages":{"de":{"title":true,"content":true,"excerpt":false},"en":{"title":false,"content":false,"excerpt":false}}},"_links":{"self":[{"href":"https:\/\/www.galerie-obrist.de\/en\/wp-json\/wp\/v2\/posts\/552","targetHints":{"allow":["GET"]}}],"collection":[{"href":"https:\/\/www.galerie-obrist.de\/en\/wp-json\/wp\/v2\/posts"}],"about":[{"href":"https:\/\/www.galerie-obrist.de\/en\/wp-json\/wp\/v2\/types\/post"}],"author":[{"embeddable":true,"href":"https:\/\/www.galerie-obrist.de\/en\/wp-json\/wp\/v2\/users\/2"}],"replies":[{"embeddable":true,"href":"https:\/\/www.galerie-obrist.de\/en\/wp-json\/wp\/v2\/comments?post=552"}],"version-history":[{"count":2,"href":"https:\/\/www.galerie-obrist.de\/en\/wp-json\/wp\/v2\/posts\/552\/revisions"}],"predecessor-version":[{"id":556,"href":"https:\/\/www.galerie-obrist.de\/en\/wp-json\/wp\/v2\/posts\/552\/revisions\/556"}],"wp:attachment":[{"href":"https:\/\/www.galerie-obrist.de\/en\/wp-json\/wp\/v2\/media?parent=552"}],"wp:term":[{"taxonomy":"category","embeddable":true,"href":"https:\/\/www.galerie-obrist.de\/en\/wp-json\/wp\/v2\/categories?post=552"},{"taxonomy":"post_tag","embeddable":true,"href":"https:\/\/www.galerie-obrist.de\/en\/wp-json\/wp\/v2\/tags?post=552"}],"curies":[{"name":"wp","href":"https:\/\/api.w.org\/{rel}","templated":true}]}}