{"id":5398,"date":"2016-12-23T10:29:11","date_gmt":"2016-12-23T08:29:11","guid":{"rendered":"https:\/\/www.galerie-obrist.de\/wordpress\/?p=5398"},"modified":"2018-11-28T18:03:25","modified_gmt":"2018-11-28T16:03:25","slug":"wundertuete-2016","status":"publish","type":"post","link":"https:\/\/www.galerie-obrist.de\/en\/wundertuete-2016\/","title":{"rendered":"Wundert\u00fcte 2016"},"content":{"rendered":"<p><a href=\"https:\/\/www.galerie-obrist.de\/wordpress\/wp-content\/uploads\/2016\/11\/Eroeffnung2015.jpg\" rel=\"attachment wp-att-5399\"><img decoding=\"async\" data-src=\"https:\/\/www.galerie-obrist.de\/wordpress\/wp-content\/uploads\/2016\/11\/Eroeffnung2015.jpg\" alt=\"Eroeffnung2015\" width=\"730\" height=\"410\" class=\"aligncenter size-full wp-image-5399 lazyload\" data-srcset=\"https:\/\/www.galerie-obrist.de\/wordpress\/wp-content\/uploads\/2016\/11\/Eroeffnung2015.jpg 730w, https:\/\/www.galerie-obrist.de\/wordpress\/wp-content\/uploads\/2016\/11\/Eroeffnung2015-600x337.jpg 600w, https:\/\/www.galerie-obrist.de\/wordpress\/wp-content\/uploads\/2016\/11\/Eroeffnung2015-450x253.jpg 450w\" data-sizes=\"(max-width: 730px) 100vw, 730px\" src=\"data:image\/svg+xml;base64,PHN2ZyB3aWR0aD0iMSIgaGVpZ2h0PSIxIiB4bWxucz0iaHR0cDovL3d3dy53My5vcmcvMjAwMC9zdmciPjwvc3ZnPg==\" style=\"--smush-placeholder-width: 730px; --smush-placeholder-aspect-ratio: 730\/410;\" \/><\/a><br \/><span lang=\"en-us\">On Friday, 18th of November, we will open our this year`s edition of <a href=\"http:\/\/www.kunst-in-tueten.de\" target=\"_blank\">&#8220;Wundert\u00fcte &#8211; Die Kunst in T\u00fcten&#8221;<\/a>. &#8211; We are looking forward to seeing you again!<\/span><\/p>\n<p><span lang=\"en-us\">Wundert\u00fcte 2016 &#8211; &#8220;Crazy Little Thing&#8221;<br \/>\n19 November, 2016 &#8211; 14, January, 2017<br \/>\nOpening Reception Friday, 18 November, 2016, 7 p.m.<\/span><\/p>\n","protected":false},"excerpt":{"rendered":"<p>On Friday, 18th of November, we will open our this year`s edition of &#8220;Wundert\u00fcte &#8211; Die Kunst in T\u00fcten&#8221;. &#8211; We are looking forward to seeing you again! Wundert\u00fcte 2016 &#8211; &#8220;Crazy Little Thing&#8221; 19 November, 2016 &#8211; 14, January, 2017 Opening Reception Friday, 18 November, 2016, 7 p.m.<\/p>\n","protected":false},"author":2,"featured_media":5401,"comment_status":"closed","ping_status":"open","sticky":false,"template":"","format":"standard","meta":{"ngg_post_thumbnail":0,"footnotes":""},"categories":[1],"tags":[202,62],"class_list":["post-5398","post","type-post","status-publish","format-standard","has-post-thumbnail","hentry","category-allgemein-misc","tag-kunst-in-tuten","tag-wundertute"],"translation":{"provider":"WPGlobus","version":"3.0.2","language":"en","enabled_languages":["de","en"],"languages":{"de":{"title":true,"content":true,"excerpt":false},"en":{"title":false,"content":true,"excerpt":false}}},"_links":{"self":[{"href":"https:\/\/www.galerie-obrist.de\/en\/wp-json\/wp\/v2\/posts\/5398","targetHints":{"allow":["GET"]}}],"collection":[{"href":"https:\/\/www.galerie-obrist.de\/en\/wp-json\/wp\/v2\/posts"}],"about":[{"href":"https:\/\/www.galerie-obrist.de\/en\/wp-json\/wp\/v2\/types\/post"}],"author":[{"embeddable":true,"href":"https:\/\/www.galerie-obrist.de\/en\/wp-json\/wp\/v2\/users\/2"}],"replies":[{"embeddable":true,"href":"https:\/\/www.galerie-obrist.de\/en\/wp-json\/wp\/v2\/comments?post=5398"}],"version-history":[{"count":5,"href":"https:\/\/www.galerie-obrist.de\/en\/wp-json\/wp\/v2\/posts\/5398\/revisions"}],"predecessor-version":[{"id":8619,"href":"https:\/\/www.galerie-obrist.de\/en\/wp-json\/wp\/v2\/posts\/5398\/revisions\/8619"}],"wp:featuredmedia":[{"embeddable":true,"href":"https:\/\/www.galerie-obrist.de\/en\/wp-json\/wp\/v2\/media\/5401"}],"wp:attachment":[{"href":"https:\/\/www.galerie-obrist.de\/en\/wp-json\/wp\/v2\/media?parent=5398"}],"wp:term":[{"taxonomy":"category","embeddable":true,"href":"https:\/\/www.galerie-obrist.de\/en\/wp-json\/wp\/v2\/categories?post=5398"},{"taxonomy":"post_tag","embeddable":true,"href":"https:\/\/www.galerie-obrist.de\/en\/wp-json\/wp\/v2\/tags?post=5398"}],"curies":[{"name":"wp","href":"https:\/\/api.w.org\/{rel}","templated":true}]}}