{"id":484,"date":"2009-10-28T14:39:31","date_gmt":"2009-10-28T12:39:31","guid":{"rendered":"http:\/\/blog.gam-essen.de\/?p=484"},"modified":"2009-10-28T14:39:31","modified_gmt":"2009-10-28T12:39:31","slug":"zwei-neue-grosformate-von-shinichi-tsuchiya","status":"publish","type":"post","link":"https:\/\/www.galerie-obrist.de\/en\/zwei-neue-grosformate-von-shinichi-tsuchiya\/","title":{"rendered":"Zwei neue Gro\u00dfformate von Shinichi Tsuchiya"},"content":{"rendered":"<p><a href=\"http:\/\/blog.gam-essen.de\/wp-content\/uploads\/2009\/10\/portraitwww.jpg\"><img decoding=\"async\" class=\"alignnone size-medium wp-image-485 lazyload\" title=\"portraitwww\" data-src=\"http:\/\/blog.gam-essen.de\/wp-content\/uploads\/2009\/10\/portraitwww-189x300.jpg\" alt=\"portraitwww\" width=\"189\" height=\"300\" data-srcset=\"https:\/\/www.galerie-obrist.de\/wordpress\/wp-content\/uploads\/2009\/10\/portraitwww-189x300.jpg 189w, https:\/\/www.galerie-obrist.de\/wordpress\/wp-content\/uploads\/2009\/10\/portraitwww.jpg 356w\" data-sizes=\"(max-width: 189px) 100vw, 189px\" src=\"data:image\/svg+xml;base64,PHN2ZyB3aWR0aD0iMSIgaGVpZ2h0PSIxIiB4bWxucz0iaHR0cDovL3d3dy53My5vcmcvMjAwMC9zdmciPjwvc3ZnPg==\" style=\"--smush-placeholder-width: 189px; --smush-placeholder-aspect-ratio: 189\/300;\" \/><\/a><\/p>\n<p>F\u00fcr die Vorstandsetage einer wichtigen D\u00fcsseldorfer Bank fertigte Shinichi Tsuchiya zwei Panoramen im Gro\u00dfformat 90 x 400 cm. Die beiden Arbeiten wurden gestern installiert, und haben einen wunderbaren Platz \u00fcber den D\u00e4chern von D\u00fcsseldorf gefunden. Der Japaner Tsuchiya ist Meistersch\u00fcler von Thomas Ruff, und wird mit seinen Panoramen von uns auch auf der Kunst Z\u00fcrich (13.-16. November) gezeigt.<\/p>\n<p><a href=\"http:\/\/blog.gam-essen.de\/wp-content\/uploads\/2009\/10\/bank1www.jpg\"><img decoding=\"async\" class=\"alignnone size-thumbnail wp-image-486 lazyload\" title=\"bank1www\" data-src=\"http:\/\/blog.gam-essen.de\/wp-content\/uploads\/2009\/10\/bank1www-150x150.jpg\" alt=\"bank1www\" width=\"150\" height=\"150\" data-srcset=\"https:\/\/www.galerie-obrist.de\/wordpress\/wp-content\/uploads\/2009\/10\/bank1www-150x150.jpg 150w, https:\/\/www.galerie-obrist.de\/wordpress\/wp-content\/uploads\/2009\/10\/bank1www-300x300.jpg 300w, https:\/\/www.galerie-obrist.de\/wordpress\/wp-content\/uploads\/2009\/10\/bank1www-100x100.jpg 100w\" data-sizes=\"(max-width: 150px) 100vw, 150px\" src=\"data:image\/svg+xml;base64,PHN2ZyB3aWR0aD0iMSIgaGVpZ2h0PSIxIiB4bWxucz0iaHR0cDovL3d3dy53My5vcmcvMjAwMC9zdmciPjwvc3ZnPg==\" style=\"--smush-placeholder-width: 150px; --smush-placeholder-aspect-ratio: 150\/150;\" \/><\/a> <a href=\"http:\/\/blog.gam-essen.de\/wp-content\/uploads\/2009\/10\/bank2www.jpg\"><img decoding=\"async\" class=\"alignnone size-thumbnail wp-image-487 lazyload\" title=\"bank2www\" data-src=\"http:\/\/blog.gam-essen.de\/wp-content\/uploads\/2009\/10\/bank2www-150x150.jpg\" alt=\"bank2www\" width=\"150\" height=\"150\" data-srcset=\"https:\/\/www.galerie-obrist.de\/wordpress\/wp-content\/uploads\/2009\/10\/bank2www-150x150.jpg 150w, https:\/\/www.galerie-obrist.de\/wordpress\/wp-content\/uploads\/2009\/10\/bank2www-300x300.jpg 300w, https:\/\/www.galerie-obrist.de\/wordpress\/wp-content\/uploads\/2009\/10\/bank2www-100x100.jpg 100w\" data-sizes=\"(max-width: 150px) 100vw, 150px\" src=\"data:image\/svg+xml;base64,PHN2ZyB3aWR0aD0iMSIgaGVpZ2h0PSIxIiB4bWxucz0iaHR0cDovL3d3dy53My5vcmcvMjAwMC9zdmciPjwvc3ZnPg==\" style=\"--smush-placeholder-width: 150px; --smush-placeholder-aspect-ratio: 150\/150;\" \/><\/a><\/p>\n","protected":false},"excerpt":{"rendered":"<p>F\u00fcr die Vorstandsetage einer wichtigen D\u00fcsseldorfer Bank fertigte Shinichi Tsuchiya zwei Panoramen im Gro\u00dfformat 90 x 400 cm. Die beiden Arbeiten wurden gestern installiert, und haben einen wunderbaren Platz \u00fcber den D\u00e4chern von D\u00fcsseldorf gefunden. Der Japaner Tsuchiya ist Meistersch\u00fcler von Thomas Ruff, und wird mit seinen Panoramen von uns auch auf der Kunst Z\u00fcrich &hellip; <\/p>\n<p class=\"link-more\"><a href=\"https:\/\/www.galerie-obrist.de\/en\/zwei-neue-grosformate-von-shinichi-tsuchiya\/\" class=\"more-link\">Read more<span class=\"screen-reader-text\"> &#8220;Zwei neue Gro\u00dfformate von Shinichi Tsuchiya&#8221;<\/span><\/a><\/p>\n","protected":false},"author":2,"featured_media":0,"comment_status":"open","ping_status":"open","sticky":false,"template":"","format":"standard","meta":{"ngg_post_thumbnail":0,"footnotes":""},"categories":[1],"tags":[59,7,23,11,55],"class_list":["post-484","post","type-post","status-publish","format-standard","hentry","category-allgemein-misc","tag-dusseldorf","tag-fotografie","tag-kunstmarkt","tag-shinichi-tsuchiya","tag-zurich"],"translation":{"provider":"WPGlobus","version":"3.0.2","language":"en","enabled_languages":["de","en"],"languages":{"de":{"title":true,"content":true,"excerpt":false},"en":{"title":false,"content":false,"excerpt":false}}},"_links":{"self":[{"href":"https:\/\/www.galerie-obrist.de\/en\/wp-json\/wp\/v2\/posts\/484","targetHints":{"allow":["GET"]}}],"collection":[{"href":"https:\/\/www.galerie-obrist.de\/en\/wp-json\/wp\/v2\/posts"}],"about":[{"href":"https:\/\/www.galerie-obrist.de\/en\/wp-json\/wp\/v2\/types\/post"}],"author":[{"embeddable":true,"href":"https:\/\/www.galerie-obrist.de\/en\/wp-json\/wp\/v2\/users\/2"}],"replies":[{"embeddable":true,"href":"https:\/\/www.galerie-obrist.de\/en\/wp-json\/wp\/v2\/comments?post=484"}],"version-history":[{"count":4,"href":"https:\/\/www.galerie-obrist.de\/en\/wp-json\/wp\/v2\/posts\/484\/revisions"}],"predecessor-version":[{"id":491,"href":"https:\/\/www.galerie-obrist.de\/en\/wp-json\/wp\/v2\/posts\/484\/revisions\/491"}],"wp:attachment":[{"href":"https:\/\/www.galerie-obrist.de\/en\/wp-json\/wp\/v2\/media?parent=484"}],"wp:term":[{"taxonomy":"category","embeddable":true,"href":"https:\/\/www.galerie-obrist.de\/en\/wp-json\/wp\/v2\/categories?post=484"},{"taxonomy":"post_tag","embeddable":true,"href":"https:\/\/www.galerie-obrist.de\/en\/wp-json\/wp\/v2\/tags?post=484"}],"curies":[{"name":"wp","href":"https:\/\/api.w.org\/{rel}","templated":true}]}}