{"id":4638,"date":"2015-07-01T15:07:10","date_gmt":"2015-07-01T13:07:10","guid":{"rendered":"https:\/\/www.galerie-obrist.de\/wordpress\/?p=4638"},"modified":"2019-01-11T18:34:59","modified_gmt":"2019-01-11T16:34:59","slug":"art-bodensee","status":"publish","type":"post","link":"https:\/\/www.galerie-obrist.de\/en\/art-bodensee\/","title":{"rendered":"Art Bodensee July 10-12, 2015"},"content":{"rendered":"<p><img decoding=\"async\" data-src=\"https:\/\/www.galerie-obrist.de\/wordpress\/wp-content\/uploads\/2015\/07\/img01.jpg\" alt=\"\" title=\"img01\" width=\"655\" height=\"285\" class=\"aligncenter size-full wp-image-4640 lazyload\" src=\"data:image\/svg+xml;base64,PHN2ZyB3aWR0aD0iMSIgaGVpZ2h0PSIxIiB4bWxucz0iaHR0cDovL3d3dy53My5vcmcvMjAwMC9zdmciPjwvc3ZnPg==\" style=\"--smush-placeholder-width: 655px; --smush-placeholder-aspect-ratio: 655\/285;\" \/><\/p>\n<p>For the first time Obrist Gallery will participate in Art Bodensee at Dornbirn\/ Austria. As a small but fine salon fair Art Bodensee is pleasant, summerly and easy, a fresh counter-concept to the common hectical artfairs. You will find our booth in hall 13, #23. We will be showing works by: <strong>Till Augustin, Marcela B\u00f6hm, Dieter Nuhr, J\u00fcrgen Paas, Dirk Salz, Peter Schl\u00f6r.<\/strong><\/span><\/p>\n<p><a href=\"https:\/\/artbodensee.messedornbirn.at\/\" target=\"_blank\">Art Bodensee<\/a><br \/>\nJuly 10-12, 2015<br \/>\nFairground Dornbirn, Austria<br \/>\nOpening Reception Thursday July, 5-10 p.m.<br \/>\nOpening Hours Fri &#8211; Sat 1-7 p.m., Sun 11a.m.-6p.m.<\/span><\/p>\n","protected":false},"excerpt":{"rendered":"<p>For the first time Obrist Gallery will participate in Art Bodensee at Dornbirn\/ Austria. As a small but fine salon fair Art Bodensee is pleasant, summerly and easy, a fresh counter-concept to the common hectical artfairs. You will find our booth in hall 13, #23. We will be showing works by: Till Augustin, Marcela B\u00f6hm, &hellip; <\/p>\n<p class=\"link-more\"><a href=\"https:\/\/www.galerie-obrist.de\/en\/art-bodensee\/\" class=\"more-link\">Read more<span class=\"screen-reader-text\"> &#8220;Art Bodensee July 10-12, 2015&#8221;<\/span><\/a><\/p>\n","protected":false},"author":2,"featured_media":5351,"comment_status":"closed","ping_status":"open","sticky":false,"template":"","format":"standard","meta":{"ngg_post_thumbnail":0,"footnotes":""},"categories":[335,19],"tags":[323,293,336,104,17,38,337,64,265],"class_list":["post-4638","post","type-post","status-publish","format-standard","has-post-thumbnail","hentry","category-artbodensee","category-artfairs","tag-dieter-nuhr","tag-dirk-salz","tag-dornbirn","tag-juergen-paas","tag-kunstmesse","tag-marcela-boehm","tag-osterreich","tag-peter-schloer","tag-till-augustin"],"translation":{"provider":"WPGlobus","version":"3.0.2","language":"en","enabled_languages":["de","en"],"languages":{"de":{"title":true,"content":true,"excerpt":false},"en":{"title":true,"content":true,"excerpt":false}}},"_links":{"self":[{"href":"https:\/\/www.galerie-obrist.de\/en\/wp-json\/wp\/v2\/posts\/4638","targetHints":{"allow":["GET"]}}],"collection":[{"href":"https:\/\/www.galerie-obrist.de\/en\/wp-json\/wp\/v2\/posts"}],"about":[{"href":"https:\/\/www.galerie-obrist.de\/en\/wp-json\/wp\/v2\/types\/post"}],"author":[{"embeddable":true,"href":"https:\/\/www.galerie-obrist.de\/en\/wp-json\/wp\/v2\/users\/2"}],"replies":[{"embeddable":true,"href":"https:\/\/www.galerie-obrist.de\/en\/wp-json\/wp\/v2\/comments?post=4638"}],"version-history":[{"count":18,"href":"https:\/\/www.galerie-obrist.de\/en\/wp-json\/wp\/v2\/posts\/4638\/revisions"}],"predecessor-version":[{"id":8732,"href":"https:\/\/www.galerie-obrist.de\/en\/wp-json\/wp\/v2\/posts\/4638\/revisions\/8732"}],"wp:featuredmedia":[{"embeddable":true,"href":"https:\/\/www.galerie-obrist.de\/en\/wp-json\/wp\/v2\/media\/5351"}],"wp:attachment":[{"href":"https:\/\/www.galerie-obrist.de\/en\/wp-json\/wp\/v2\/media?parent=4638"}],"wp:term":[{"taxonomy":"category","embeddable":true,"href":"https:\/\/www.galerie-obrist.de\/en\/wp-json\/wp\/v2\/categories?post=4638"},{"taxonomy":"post_tag","embeddable":true,"href":"https:\/\/www.galerie-obrist.de\/en\/wp-json\/wp\/v2\/tags?post=4638"}],"curies":[{"name":"wp","href":"https:\/\/api.w.org\/{rel}","templated":true}]}}