{"id":324,"date":"2009-06-04T15:12:44","date_gmt":"2009-06-04T13:12:44","guid":{"rendered":"http:\/\/blog.gam-essen.de\/?p=324"},"modified":"2009-06-05T14:27:36","modified_gmt":"2009-06-05T12:27:36","slug":"morgen-ausstellungseroffnung-michael-goller","status":"publish","type":"post","link":"https:\/\/www.galerie-obrist.de\/en\/morgen-ausstellungseroffnung-michael-goller\/","title":{"rendered":"Morgen Ausstellungser\u00f6ffnung Michael Goller"},"content":{"rendered":"<figure id=\"attachment_340\" aria-describedby=\"caption-attachment-340\" style=\"width: 300px\" class=\"wp-caption alignnone\"><a href=\"http:\/\/blog.gam-essen.de\/wp-content\/uploads\/2009\/06\/michaelgolleratelierdez20081.jpg\"><img decoding=\"async\" class=\"size-medium wp-image-340 lazyload\" title=\"Michael Goller (Foto: Peter Piek)\" data-src=\"http:\/\/blog.gam-essen.de\/wp-content\/uploads\/2009\/06\/michaelgolleratelierdez20081-300x225.jpg\" alt=\"Michael Goller (Foto: Peter Piek)\" width=\"300\" height=\"225\" data-srcset=\"https:\/\/www.galerie-obrist.de\/wordpress\/wp-content\/uploads\/2009\/06\/michaelgolleratelierdez20081-300x225.jpg 300w, https:\/\/www.galerie-obrist.de\/wordpress\/wp-content\/uploads\/2009\/06\/michaelgolleratelierdez20081.jpg 360w\" data-sizes=\"(max-width: 300px) 100vw, 300px\" src=\"data:image\/svg+xml;base64,PHN2ZyB3aWR0aD0iMSIgaGVpZ2h0PSIxIiB4bWxucz0iaHR0cDovL3d3dy53My5vcmcvMjAwMC9zdmciPjwvc3ZnPg==\" style=\"--smush-placeholder-width: 300px; --smush-placeholder-aspect-ratio: 300\/225;\" \/><\/a><figcaption id=\"caption-attachment-340\" class=\"wp-caption-text\">Michael Goller (Foto: Peter Piek)<\/figcaption><\/figure>\n<p>Am Freitag, 5. Juni 2009, 19 Uhr er\u00f6ffnen wir die Ausstellung &#8220;Michael Goller: Im Juli gemaltes Bild.&#8221; Der K\u00fcnstler ist anwesend und nat\u00fcrlich gibt es auch wieder Sekt und &#8220;saumon de gam&#8221;. Wir erwarten eine polarisierende Ausstellung, mit frischen  und \u00fcberraschenden Bildern und hoffentlich spannenden Kontroversen.<\/p>\n","protected":false},"excerpt":{"rendered":"<p>Am Freitag, 5. Juni 2009, 19 Uhr er\u00f6ffnen wir die Ausstellung &#8220;Michael Goller: Im Juli gemaltes Bild.&#8221; Der K\u00fcnstler ist anwesend und nat\u00fcrlich gibt es auch wieder Sekt und &#8220;saumon de gam&#8221;. Wir erwarten eine polarisierende Ausstellung, mit frischen und \u00fcberraschenden Bildern und hoffentlich spannenden Kontroversen.<\/p>\n","protected":false},"author":2,"featured_media":0,"comment_status":"open","ping_status":"open","sticky":false,"template":"","format":"standard","meta":{"ngg_post_thumbnail":0,"footnotes":""},"categories":[34],"tags":[36,41,29,35,28],"class_list":["post-324","post","type-post","status-publish","format-standard","hentry","category-2009-06michael-goller","tag-chemnitz","tag-expressiv","tag-malerei","tag-michael-goller","tag-zeichnung"],"translation":{"provider":"WPGlobus","version":"3.0.2","language":"en","enabled_languages":["de","en"],"languages":{"de":{"title":true,"content":true,"excerpt":false},"en":{"title":false,"content":false,"excerpt":false}}},"_links":{"self":[{"href":"https:\/\/www.galerie-obrist.de\/en\/wp-json\/wp\/v2\/posts\/324","targetHints":{"allow":["GET"]}}],"collection":[{"href":"https:\/\/www.galerie-obrist.de\/en\/wp-json\/wp\/v2\/posts"}],"about":[{"href":"https:\/\/www.galerie-obrist.de\/en\/wp-json\/wp\/v2\/types\/post"}],"author":[{"embeddable":true,"href":"https:\/\/www.galerie-obrist.de\/en\/wp-json\/wp\/v2\/users\/2"}],"replies":[{"embeddable":true,"href":"https:\/\/www.galerie-obrist.de\/en\/wp-json\/wp\/v2\/comments?post=324"}],"version-history":[{"count":3,"href":"https:\/\/www.galerie-obrist.de\/en\/wp-json\/wp\/v2\/posts\/324\/revisions"}],"predecessor-version":[{"id":339,"href":"https:\/\/www.galerie-obrist.de\/en\/wp-json\/wp\/v2\/posts\/324\/revisions\/339"}],"wp:attachment":[{"href":"https:\/\/www.galerie-obrist.de\/en\/wp-json\/wp\/v2\/media?parent=324"}],"wp:term":[{"taxonomy":"category","embeddable":true,"href":"https:\/\/www.galerie-obrist.de\/en\/wp-json\/wp\/v2\/categories?post=324"},{"taxonomy":"post_tag","embeddable":true,"href":"https:\/\/www.galerie-obrist.de\/en\/wp-json\/wp\/v2\/tags?post=324"}],"curies":[{"name":"wp","href":"https:\/\/api.w.org\/{rel}","templated":true}]}}