{"id":225,"date":"2009-03-24T12:25:38","date_gmt":"2009-03-24T11:25:38","guid":{"rendered":"http:\/\/blog.gam-essen.de\/?p=225"},"modified":"2009-11-23T23:00:23","modified_gmt":"2009-11-23T21:00:23","slug":"ausstellungsbooklet-eberhard-ross","status":"publish","type":"post","link":"https:\/\/www.galerie-obrist.de\/en\/ausstellungsbooklet-eberhard-ross\/","title":{"rendered":"Ausstellungsbooklet Eberhard Ross"},"content":{"rendered":"<figure id=\"attachment_226\" aria-describedby=\"caption-attachment-226\" style=\"width: 160px\" class=\"wp-caption alignnone\"><a href=\"http:\/\/blog.gam-essen.de\/wp-content\/uploads\/2009\/03\/eross.jpg\"><img decoding=\"async\" class=\"size-full wp-image-226 lazyload\" title=\"eross\" data-src=\"http:\/\/blog.gam-essen.de\/wp-content\/uploads\/2009\/03\/eross.jpg\" alt=\"Eberhard Ross\" width=\"160\" height=\"161\" data-srcset=\"https:\/\/www.galerie-obrist.de\/wordpress\/wp-content\/uploads\/2009\/03\/eross.jpg 160w, https:\/\/www.galerie-obrist.de\/wordpress\/wp-content\/uploads\/2009\/03\/eross-100x100.jpg 100w, https:\/\/www.galerie-obrist.de\/wordpress\/wp-content\/uploads\/2009\/03\/eross-150x150.jpg 150w\" data-sizes=\"(max-width: 160px) 100vw, 160px\" src=\"data:image\/svg+xml;base64,PHN2ZyB3aWR0aD0iMSIgaGVpZ2h0PSIxIiB4bWxucz0iaHR0cDovL3d3dy53My5vcmcvMjAwMC9zdmciPjwvc3ZnPg==\" style=\"--smush-placeholder-width: 160px; --smush-placeholder-aspect-ratio: 160\/161;\" \/><\/a><figcaption id=\"caption-attachment-226\" class=\"wp-caption-text\">Eberhard Ross<\/figcaption><\/figure>\n<p>In einer neuen Einzelausstellung zeigen wir aktuelle Arbeiten von Eberhard Ross. Neben den neuen &#8220;Speichern&#8221;, bei denen monochrome Fl\u00e4chen mit feinteiliger Kratztechnik aufgebrochen werden, sind die j\u00fcngst entstandenen &#8220;Schw\u00e4rme&#8221; zu sehen, sowie Zeichnungen und erstmals auch Fotoarbeiten. Damit gibt die Ausstellung einen Einblick in s\u00e4mtliche Werkgruppen des Essener K\u00fcnstlers. Zur Ausstellung vom 27. M\u00e4rz bis 23. Mai 2009 erscheint ein Ausstellungsbooklet, das \u00fcber unseren Versand kostenlos bestellt werden kann.<\/p>\n<p>Onlineversion hier: <\/p>\n<div><object style=\"width:420px;height:151px\" ><param name=\"movie\" value=\"http:\/\/static.issuu.com\/webembed\/viewers\/style1\/v1\/IssuuViewer.swf?mode=embed&amp;layout=http%3A%2F%2Fskin.issuu.com%2Fv%2Flight%2Flayout.xml&amp;showFlipBtn=true&amp;documentId=090618134732-c889792d2ddf4b369852498c271437dd&amp;docName=roskat09www&amp;username=obrist-gallery&amp;loadingInfoText=Eberhard%20Ross%3A%20Source.&amp;et=1245332984769&amp;er=51\" \/><param name=\"allowfullscreen\" value=\"true\"\/><param name=\"menu\" value=\"false\"\/><embed src=\"http:\/\/static.issuu.com\/webembed\/viewers\/style1\/v1\/IssuuViewer.swf\" type=\"application\/x-shockwave-flash\" allowfullscreen=\"true\" menu=\"false\" style=\"width:420px;height:151px\" flashvars=\"mode=embed&amp;layout=http%3A%2F%2Fskin.issuu.com%2Fv%2Flight%2Flayout.xml&amp;showFlipBtn=true&amp;documentId=090618134732-c889792d2ddf4b369852498c271437dd&amp;docName=roskat09www&amp;username=obrist-gallery&amp;loadingInfoText=Eberhard%20Ross%3A%20Source.&amp;et=1245332984769&amp;er=51\" \/><\/object><\/p>\n<div style=\"width:420px;text-align:left;\"><a href=\"http:\/\/issuu.com\/obrist-gallery\/docs\/roskat09www?mode=embed&amp;layout=http%3A%2F%2Fskin.issuu.com%2Fv%2Flight%2Flayout.xml&amp;showFlipBtn=true\" target=\"_blank\">Open publication<\/a> &#8211; Free <a href=\"http:\/\/issuu.com\" target=\"_blank\">publishing<\/a> &#8211; <a href=\"http:\/\/issuu.com\/search?q=photography\" target=\"_blank\">More photography<\/a><\/div>\n<\/div>\n","protected":false},"excerpt":{"rendered":"<p>In einer neuen Einzelausstellung zeigen wir aktuelle Arbeiten von Eberhard Ross. Neben den neuen &#8220;Speichern&#8221;, bei denen monochrome Fl\u00e4chen mit feinteiliger Kratztechnik aufgebrochen werden, sind die j\u00fcngst entstandenen &#8220;Schw\u00e4rme&#8221; zu sehen, sowie Zeichnungen und erstmals auch Fotoarbeiten. Damit gibt die Ausstellung einen Einblick in s\u00e4mtliche Werkgruppen des Essener K\u00fcnstlers. Zur Ausstellung vom 27. M\u00e4rz bis &hellip; <\/p>\n<p class=\"link-more\"><a href=\"https:\/\/www.galerie-obrist.de\/en\/ausstellungsbooklet-eberhard-ross\/\" class=\"more-link\">Read more<span class=\"screen-reader-text\"> &#8220;Ausstellungsbooklet Eberhard Ross&#8221;<\/span><\/a><\/p>\n","protected":false},"author":2,"featured_media":0,"comment_status":"open","ping_status":"open","sticky":false,"template":"","format":"standard","meta":{"ngg_post_thumbnail":0,"footnotes":""},"categories":[26],"tags":[53,12,45],"class_list":["post-225","post","type-post","status-publish","format-standard","hentry","category-2009-03eberhard-ross","tag-ausstellungsbooklet","tag-eberhard-ross","tag-katalog"],"translation":{"provider":"WPGlobus","version":"3.0.2","language":"en","enabled_languages":["de","en"],"languages":{"de":{"title":true,"content":true,"excerpt":false},"en":{"title":false,"content":false,"excerpt":false}}},"_links":{"self":[{"href":"https:\/\/www.galerie-obrist.de\/en\/wp-json\/wp\/v2\/posts\/225","targetHints":{"allow":["GET"]}}],"collection":[{"href":"https:\/\/www.galerie-obrist.de\/en\/wp-json\/wp\/v2\/posts"}],"about":[{"href":"https:\/\/www.galerie-obrist.de\/en\/wp-json\/wp\/v2\/types\/post"}],"author":[{"embeddable":true,"href":"https:\/\/www.galerie-obrist.de\/en\/wp-json\/wp\/v2\/users\/2"}],"replies":[{"embeddable":true,"href":"https:\/\/www.galerie-obrist.de\/en\/wp-json\/wp\/v2\/comments?post=225"}],"version-history":[{"count":7,"href":"https:\/\/www.galerie-obrist.de\/en\/wp-json\/wp\/v2\/posts\/225\/revisions"}],"predecessor-version":[{"id":568,"href":"https:\/\/www.galerie-obrist.de\/en\/wp-json\/wp\/v2\/posts\/225\/revisions\/568"}],"wp:attachment":[{"href":"https:\/\/www.galerie-obrist.de\/en\/wp-json\/wp\/v2\/media?parent=225"}],"wp:term":[{"taxonomy":"category","embeddable":true,"href":"https:\/\/www.galerie-obrist.de\/en\/wp-json\/wp\/v2\/categories?post=225"},{"taxonomy":"post_tag","embeddable":true,"href":"https:\/\/www.galerie-obrist.de\/en\/wp-json\/wp\/v2\/tags?post=225"}],"curies":[{"name":"wp","href":"https:\/\/api.w.org\/{rel}","templated":true}]}}