{"id":1910,"date":"2012-03-09T11:18:11","date_gmt":"2012-03-09T09:18:11","guid":{"rendered":"http:\/\/blog.gam-essen.de\/?p=1910"},"modified":"2019-02-15T14:05:21","modified_gmt":"2019-02-15T12:05:21","slug":"auf-der-art-karlsruhe-at-art-karlsruhe","status":"publish","type":"post","link":"https:\/\/www.galerie-obrist.de\/en\/auf-der-art-karlsruhe-at-art-karlsruhe\/","title":{"rendered":"At Art Karlsruhe"},"content":{"rendered":"<p>Here some impressions of Obrist Gallery&#8217;s booth at Art Karlsruhe:<\/span><br \/>\n<figure id=\"attachment_1911\" aria-describedby=\"caption-attachment-1911\" style=\"width: 300px\" class=\"wp-caption alignnone\"><a href=\"http:\/\/blog.gam-essen.de\/wp-content\/uploads\/2012\/03\/aka12-015.jpg\"><img decoding=\"async\" data-src=\"http:\/\/blog.gam-essen.de\/wp-content\/uploads\/2012\/03\/aka12-015-300x205.jpg\" alt=\"Gesamtansicht mit Bernard Schultze, J\u00fcrgen Paas, G\u00fcnther Uecker, Peter Schl\u00f6r, Dieter Kr\u00e4nzlein und Robin Horsch \" title=\"aka12-015\" width=\"300\" height=\"205\" class=\"size-medium wp-image-1911 lazyload\" data-srcset=\"https:\/\/www.galerie-obrist.de\/wordpress\/wp-content\/uploads\/2012\/03\/aka12-015-300x205.jpg 300w, https:\/\/www.galerie-obrist.de\/wordpress\/wp-content\/uploads\/2012\/03\/aka12-015.jpg 548w\" data-sizes=\"(max-width: 300px) 100vw, 300px\" src=\"data:image\/svg+xml;base64,PHN2ZyB3aWR0aD0iMSIgaGVpZ2h0PSIxIiB4bWxucz0iaHR0cDovL3d3dy53My5vcmcvMjAwMC9zdmciPjwvc3ZnPg==\" style=\"--smush-placeholder-width: 300px; --smush-placeholder-aspect-ratio: 300\/205;\" \/><\/a><figcaption id=\"caption-attachment-1911\" class=\"wp-caption-text\">Gesamtansicht mit Bernard Schultze, J\u00fcrgen Paas, G\u00fcnther Uecker, Peter Schl\u00f6r, Dieter Kr\u00e4nzlein und Robin Horsch <\/figcaption><\/figure><br \/>\n<figure id=\"attachment_1912\" aria-describedby=\"caption-attachment-1912\" style=\"width: 300px\" class=\"wp-caption alignnone\"><a href=\"http:\/\/blog.gam-essen.de\/wp-content\/uploads\/2012\/03\/aka12-009.jpg\"><img decoding=\"async\" data-src=\"http:\/\/blog.gam-essen.de\/wp-content\/uploads\/2012\/03\/aka12-009-300x242.jpg\" alt=\"Marcela B\u00f6hm\" title=\"aka12-009\" width=\"300\" height=\"242\" class=\"size-medium wp-image-1912 lazyload\" data-srcset=\"https:\/\/www.galerie-obrist.de\/wordpress\/wp-content\/uploads\/2012\/03\/aka12-009-300x242.jpg 300w, https:\/\/www.galerie-obrist.de\/wordpress\/wp-content\/uploads\/2012\/03\/aka12-009.jpg 508w\" data-sizes=\"(max-width: 300px) 100vw, 300px\" src=\"data:image\/svg+xml;base64,PHN2ZyB3aWR0aD0iMSIgaGVpZ2h0PSIxIiB4bWxucz0iaHR0cDovL3d3dy53My5vcmcvMjAwMC9zdmciPjwvc3ZnPg==\" style=\"--smush-placeholder-width: 300px; --smush-placeholder-aspect-ratio: 300\/242;\" \/><\/a><figcaption id=\"caption-attachment-1912\" class=\"wp-caption-text\">Marcela B\u00f6hm<\/figcaption><\/figure><br \/>\n<figure id=\"attachment_1913\" aria-describedby=\"caption-attachment-1913\" style=\"width: 300px\" class=\"wp-caption alignnone\"><a href=\"http:\/\/blog.gam-essen.de\/wp-content\/uploads\/2012\/03\/aka12-012.jpg\"><img decoding=\"async\" data-src=\"http:\/\/blog.gam-essen.de\/wp-content\/uploads\/2012\/03\/aka12-012-300x224.jpg\" alt=\"Seitenansicht mit Arbeiten von Dieter Kr\u00e4nzlein, Johannes H\u00fcppi, J\u00fcrgen Paas und Robin Horsch\" title=\"aka12-012\" width=\"300\" height=\"224\" class=\"size-medium wp-image-1913 lazyload\" data-srcset=\"https:\/\/www.galerie-obrist.de\/wordpress\/wp-content\/uploads\/2012\/03\/aka12-012-300x224.jpg 300w, https:\/\/www.galerie-obrist.de\/wordpress\/wp-content\/uploads\/2012\/03\/aka12-012.jpg 544w\" data-sizes=\"(max-width: 300px) 100vw, 300px\" src=\"data:image\/svg+xml;base64,PHN2ZyB3aWR0aD0iMSIgaGVpZ2h0PSIxIiB4bWxucz0iaHR0cDovL3d3dy53My5vcmcvMjAwMC9zdmciPjwvc3ZnPg==\" style=\"--smush-placeholder-width: 300px; --smush-placeholder-aspect-ratio: 300\/224;\" \/><\/a><figcaption id=\"caption-attachment-1913\" class=\"wp-caption-text\">Seitenansicht mit Arbeiten von Dieter Kr\u00e4nzlein, Johannes H\u00fcppi, J\u00fcrgen Paas und Robin Horsch<\/figcaption><\/figure><br \/>\n<figure id=\"attachment_1914\" aria-describedby=\"caption-attachment-1914\" style=\"width: 300px\" class=\"wp-caption alignnone\"><a href=\"http:\/\/blog.gam-essen.de\/wp-content\/uploads\/2012\/03\/aka12-006.jpg\"><img decoding=\"async\" data-src=\"http:\/\/blog.gam-essen.de\/wp-content\/uploads\/2012\/03\/aka12-006-300x224.jpg\" alt=\"Arbeiten von Bernard Schultze und Dieter Kr\u00e4nzlein\" title=\"aka12-006\" width=\"300\" height=\"224\" class=\"size-medium wp-image-1914 lazyload\" data-srcset=\"https:\/\/www.galerie-obrist.de\/wordpress\/wp-content\/uploads\/2012\/03\/aka12-006-300x224.jpg 300w, https:\/\/www.galerie-obrist.de\/wordpress\/wp-content\/uploads\/2012\/03\/aka12-006.jpg 544w\" data-sizes=\"(max-width: 300px) 100vw, 300px\" src=\"data:image\/svg+xml;base64,PHN2ZyB3aWR0aD0iMSIgaGVpZ2h0PSIxIiB4bWxucz0iaHR0cDovL3d3dy53My5vcmcvMjAwMC9zdmciPjwvc3ZnPg==\" style=\"--smush-placeholder-width: 300px; --smush-placeholder-aspect-ratio: 300\/224;\" \/><\/a><figcaption id=\"caption-attachment-1914\" class=\"wp-caption-text\">Arbeiten von Bernard Schultze und Dieter Kr\u00e4nzlein<\/figcaption><\/figure><br \/>\nArt Karlsruhe 2012, Stand H3\/K19<br \/>\nUntil Sunday, 11 March<br \/>\n8-10 March 12-8 p.m.<br \/>\n11 March 11-7 p.m.<br \/>\nMesse Karlsruhe, Messeallee 1, 76287 Rheinstetten, Germany<\/span><\/p>\n","protected":false},"excerpt":{"rendered":"<p>Here some impressions of Obrist Gallery&#8217;s booth at Art Karlsruhe: Art Karlsruhe 2012, Stand H3\/K19 Until Sunday, 11 March 8-10 March 12-8 p.m. 11 March 11-7 p.m. Messe Karlsruhe, Messeallee 1, 76287 Rheinstetten, Germany<\/p>\n","protected":false},"author":2,"featured_media":0,"comment_status":"open","ping_status":"open","sticky":false,"template":"","format":"standard","meta":{"ngg_post_thumbnail":0,"footnotes":""},"categories":[31,206],"tags":[111,13,212,213,104,38,64,15],"class_list":["post-1910","post","type-post","status-publish","format-standard","hentry","category-artkarlsruhe","category-exhibitions2012","tag-bernard-schultze","tag-dieter-kraenzlein","tag-gunther-uecker","tag-johannes-huppi","tag-juergen-paas","tag-marcela-boehm","tag-peter-schloer","tag-robin-horsch"],"translation":{"provider":"WPGlobus","version":"3.0.2","language":"en","enabled_languages":["de","en"],"languages":{"de":{"title":true,"content":true,"excerpt":false},"en":{"title":true,"content":true,"excerpt":false}}},"_links":{"self":[{"href":"https:\/\/www.galerie-obrist.de\/en\/wp-json\/wp\/v2\/posts\/1910","targetHints":{"allow":["GET"]}}],"collection":[{"href":"https:\/\/www.galerie-obrist.de\/en\/wp-json\/wp\/v2\/posts"}],"about":[{"href":"https:\/\/www.galerie-obrist.de\/en\/wp-json\/wp\/v2\/types\/post"}],"author":[{"embeddable":true,"href":"https:\/\/www.galerie-obrist.de\/en\/wp-json\/wp\/v2\/users\/2"}],"replies":[{"embeddable":true,"href":"https:\/\/www.galerie-obrist.de\/en\/wp-json\/wp\/v2\/comments?post=1910"}],"version-history":[{"count":7,"href":"https:\/\/www.galerie-obrist.de\/en\/wp-json\/wp\/v2\/posts\/1910\/revisions"}],"predecessor-version":[{"id":9187,"href":"https:\/\/www.galerie-obrist.de\/en\/wp-json\/wp\/v2\/posts\/1910\/revisions\/9187"}],"wp:attachment":[{"href":"https:\/\/www.galerie-obrist.de\/en\/wp-json\/wp\/v2\/media?parent=1910"}],"wp:term":[{"taxonomy":"category","embeddable":true,"href":"https:\/\/www.galerie-obrist.de\/en\/wp-json\/wp\/v2\/categories?post=1910"},{"taxonomy":"post_tag","embeddable":true,"href":"https:\/\/www.galerie-obrist.de\/en\/wp-json\/wp\/v2\/tags?post=1910"}],"curies":[{"name":"wp","href":"https:\/\/api.w.org\/{rel}","templated":true}]}}