{"id":13984,"date":"2023-11-24T18:00:12","date_gmt":"2023-11-24T17:00:12","guid":{"rendered":"https:\/\/www.galerie-obrist.de\/wordpress\/?p=13984"},"modified":"2024-03-20T16:17:01","modified_gmt":"2024-03-20T15:17:01","slug":"irritation-ausstellung-zur-wundertuete-2023","status":"publish","type":"post","link":"https:\/\/www.galerie-obrist.de\/en\/irritation-ausstellung-zur-wundertuete-2023\/","title":{"rendered":"IRRITATION &#8211; Ausstellung zur Wundert\u00fcte 2023"},"content":{"rendered":"<p><b>ER\u00d6FFNUNG: FREITAG, 24. NOVEMBER, 19 UHR<\/b><br \/>Im Rahmen von &#8220;WUNDERT\u00dcTE 2023 &#8211; Kunst in T\u00fcten&#8221; zeigen wir die Ausstellung  I R R I T A T I O N  mit Arbeiten von<\/p>\n<p><b>Eva Aurich &#8211; Marcela B\u00f6hm &#8211; Helge Emmaneel &#8211; Gilles Fromonteil &#8211; Ilka Helmig &#8211; Robin Horsch &#8211; J\u00fcrgen Jansen &#8211; J\u00fcrgen Paas &#8211; Barbara Ring &#8211; Dirk Salz &#8211; Annette Sauermann &#8211; Armin Scheid &#8211; Andreas Titzrath &#8211; Petra Deta Weidemann &#8211; Julia Willms &#8211; Thomas Zika<\/b><\/p>\n<p><b>WIR ZEIGEN:<\/b><\/p>\n<div class=\"woocommerce columns-4 \"><div class=\"woocommerce-notices-wrapper\"><\/div><p class=\"woocommerce-result-count\" role=\"alert\" aria-relevant=\"all\" >\n\tShowing 1&ndash;20 of 33 results<\/p>\n<form class=\"woocommerce-ordering\" method=\"get\">\n\t\t<select\n\t\tname=\"orderby\"\n\t\tclass=\"orderby\"\n\t\t\t\t\taria-label=\"Shop order\"\n\t\t\t>\n\t\t\t\t\t<option value=\"menu_order\"  selected='selected'>Default sorting<\/option>\n\t\t\t\t\t<option value=\"popularity\" >Sort by popularity<\/option>\n\t\t\t\t\t<option value=\"date\" >Sort by latest<\/option>\n\t\t\t\t\t<option value=\"price\" >Sort by price: low to high<\/option>\n\t\t\t\t\t<option value=\"price-desc\" >Sort by price: high to low<\/option>\n\t\t\t<\/select>\n\t<input type=\"hidden\" name=\"paged\" value=\"1\" \/>\n\t<\/form>\n<ul class=\"products columns-4\">\n<li class=\"product type-product post-13999 status-publish first instock product_cat-malerei product_cat-irritation-wt23 product_tag-andreas-titzrath has-post-thumbnail taxable shipping-taxable purchasable product-type-simple\">\n\t<a href=\"https:\/\/www.galerie-obrist.de\/en\/produkt\/andreas-titzrath-irritation-i\/\" class=\"woocommerce-LoopProduct-link woocommerce-loop-product__link\"><img decoding=\"async\" width=\"300\" height=\"300\" data-src=\"https:\/\/www.galerie-obrist.de\/wordpress\/wp-content\/uploads\/2023\/11\/IMG_9030-300x300.jpeg\" class=\"attachment-woocommerce_thumbnail size-woocommerce_thumbnail lazyload\" alt=\"Andreas Titzrath: Irritation I\" data-srcset=\"https:\/\/www.galerie-obrist.de\/wordpress\/wp-content\/uploads\/2023\/11\/IMG_9030-300x300.jpeg 300w, https:\/\/www.galerie-obrist.de\/wordpress\/wp-content\/uploads\/2023\/11\/IMG_9030-150x150.jpeg 150w, https:\/\/www.galerie-obrist.de\/wordpress\/wp-content\/uploads\/2023\/11\/IMG_9030-100x100.jpeg 100w, https:\/\/www.galerie-obrist.de\/wordpress\/wp-content\/uploads\/2023\/11\/IMG_9030-800x800.jpeg 800w\" data-sizes=\"100vw\" src=\"data:image\/svg+xml;base64,PHN2ZyB3aWR0aD0iMSIgaGVpZ2h0PSIxIiB4bWxucz0iaHR0cDovL3d3dy53My5vcmcvMjAwMC9zdmciPjwvc3ZnPg==\" style=\"--smush-placeholder-width: 300px; --smush-placeholder-aspect-ratio: 300\/300;\" \/><h2 class=\"woocommerce-loop-product__title\">Andreas Titzrath: Irritation I<\/h2>\n\t<span class=\"price\"><span class=\"woocommerce-Price-amount amount\"><bdi>480,00&nbsp;<span class=\"woocommerce-Price-currencySymbol\">&euro;<\/span><\/bdi><\/span><\/span>\n<\/a><a href=\"https:\/\/www.galerie-obrist.de\/en\/produkt\/andreas-titzrath-irritation-i\/\" class=\"button product_type_simple\">Details<\/a>\t<span id=\"woocommerce_loop_add_to_cart_link_describedby_13999\" class=\"screen-reader-text\">\n\t\t\t<\/span>\n<\/li>\n<li class=\"product type-product post-14001 status-publish instock product_cat-malerei product_cat-irritation-wt23 product_tag-andreas-titzrath has-post-thumbnail taxable shipping-taxable purchasable product-type-simple\">\n\t<a href=\"https:\/\/www.galerie-obrist.de\/en\/produkt\/andreas-titzrath-irritation-ii\/\" class=\"woocommerce-LoopProduct-link woocommerce-loop-product__link\"><img decoding=\"async\" width=\"300\" height=\"300\" data-src=\"https:\/\/www.galerie-obrist.de\/wordpress\/wp-content\/uploads\/2023\/11\/IMG_9031-300x300.jpeg\" class=\"attachment-woocommerce_thumbnail size-woocommerce_thumbnail lazyload\" alt=\"Andreas Titzrath: Irritation II\" data-srcset=\"https:\/\/www.galerie-obrist.de\/wordpress\/wp-content\/uploads\/2023\/11\/IMG_9031-300x300.jpeg 300w, https:\/\/www.galerie-obrist.de\/wordpress\/wp-content\/uploads\/2023\/11\/IMG_9031-299x300.jpeg 299w, https:\/\/www.galerie-obrist.de\/wordpress\/wp-content\/uploads\/2023\/11\/IMG_9031-150x150.jpeg 150w, https:\/\/www.galerie-obrist.de\/wordpress\/wp-content\/uploads\/2023\/11\/IMG_9031-768x770.jpeg 768w, https:\/\/www.galerie-obrist.de\/wordpress\/wp-content\/uploads\/2023\/11\/IMG_9031-600x602.jpeg 600w, https:\/\/www.galerie-obrist.de\/wordpress\/wp-content\/uploads\/2023\/11\/IMG_9031-100x100.jpeg 100w, https:\/\/www.galerie-obrist.de\/wordpress\/wp-content\/uploads\/2023\/11\/IMG_9031-800x800.jpeg 800w, https:\/\/www.galerie-obrist.de\/wordpress\/wp-content\/uploads\/2023\/11\/IMG_9031.jpeg 960w\" data-sizes=\"100vw\" src=\"data:image\/svg+xml;base64,PHN2ZyB3aWR0aD0iMSIgaGVpZ2h0PSIxIiB4bWxucz0iaHR0cDovL3d3dy53My5vcmcvMjAwMC9zdmciPjwvc3ZnPg==\" style=\"--smush-placeholder-width: 300px; --smush-placeholder-aspect-ratio: 300\/300;\" \/><h2 class=\"woocommerce-loop-product__title\">Andreas Titzrath: Irritation II<\/h2>\n\t<span class=\"price\"><span class=\"woocommerce-Price-amount amount\"><bdi>480,00&nbsp;<span class=\"woocommerce-Price-currencySymbol\">&euro;<\/span><\/bdi><\/span><\/span>\n<\/a><a href=\"https:\/\/www.galerie-obrist.de\/en\/produkt\/andreas-titzrath-irritation-ii\/\" class=\"button product_type_simple\">Details<\/a>\t<span id=\"woocommerce_loop_add_to_cart_link_describedby_14001\" class=\"screen-reader-text\">\n\t\t\t<\/span>\n<\/li>\n<li class=\"product type-product post-14003 status-publish instock product_cat-malerei product_cat-irritation-wt23 product_tag-andreas-titzrath has-post-thumbnail taxable shipping-taxable purchasable product-type-simple\">\n\t<a href=\"https:\/\/www.galerie-obrist.de\/en\/produkt\/andreas-titzrath-irritation-iii\/\" class=\"woocommerce-LoopProduct-link woocommerce-loop-product__link\"><img decoding=\"async\" width=\"300\" height=\"300\" data-src=\"https:\/\/www.galerie-obrist.de\/wordpress\/wp-content\/uploads\/2023\/11\/IMG_9032-300x300.jpeg\" class=\"attachment-woocommerce_thumbnail size-woocommerce_thumbnail lazyload\" alt=\"Andreas Titzrath: Irritation III\" data-srcset=\"https:\/\/www.galerie-obrist.de\/wordpress\/wp-content\/uploads\/2023\/11\/IMG_9032-300x300.jpeg 300w, https:\/\/www.galerie-obrist.de\/wordpress\/wp-content\/uploads\/2023\/11\/IMG_9032-150x150.jpeg 150w, https:\/\/www.galerie-obrist.de\/wordpress\/wp-content\/uploads\/2023\/11\/IMG_9032-100x100.jpeg 100w, https:\/\/www.galerie-obrist.de\/wordpress\/wp-content\/uploads\/2023\/11\/IMG_9032-800x800.jpeg 800w\" data-sizes=\"100vw\" src=\"data:image\/svg+xml;base64,PHN2ZyB3aWR0aD0iMSIgaGVpZ2h0PSIxIiB4bWxucz0iaHR0cDovL3d3dy53My5vcmcvMjAwMC9zdmciPjwvc3ZnPg==\" style=\"--smush-placeholder-width: 300px; --smush-placeholder-aspect-ratio: 300\/300;\" \/><h2 class=\"woocommerce-loop-product__title\">Andreas Titzrath: Irritation III<\/h2>\n\t<span class=\"price\"><span class=\"woocommerce-Price-amount amount\"><bdi>480,00&nbsp;<span class=\"woocommerce-Price-currencySymbol\">&euro;<\/span><\/bdi><\/span><\/span>\n<\/a><a href=\"https:\/\/www.galerie-obrist.de\/en\/produkt\/andreas-titzrath-irritation-iii\/\" class=\"button product_type_simple\">Details<\/a>\t<span id=\"woocommerce_loop_add_to_cart_link_describedby_14003\" class=\"screen-reader-text\">\n\t\t\t<\/span>\n<\/li>\n<li class=\"product type-product post-14005 status-publish last instock product_cat-malerei product_cat-irritation-wt23 product_tag-andreas-titzrath has-post-thumbnail taxable shipping-taxable purchasable product-type-simple\">\n\t<a href=\"https:\/\/www.galerie-obrist.de\/en\/produkt\/andreas-titzrath-irritation-iv\/\" class=\"woocommerce-LoopProduct-link woocommerce-loop-product__link\"><img decoding=\"async\" width=\"300\" height=\"300\" data-src=\"https:\/\/www.galerie-obrist.de\/wordpress\/wp-content\/uploads\/2023\/11\/IMG_9033-300x300.jpeg\" class=\"attachment-woocommerce_thumbnail size-woocommerce_thumbnail lazyload\" alt=\"Andreas Titzrath: Irritation IV\" data-srcset=\"https:\/\/www.galerie-obrist.de\/wordpress\/wp-content\/uploads\/2023\/11\/IMG_9033-300x300.jpeg 300w, https:\/\/www.galerie-obrist.de\/wordpress\/wp-content\/uploads\/2023\/11\/IMG_9033-150x150.jpeg 150w, https:\/\/www.galerie-obrist.de\/wordpress\/wp-content\/uploads\/2023\/11\/IMG_9033-100x100.jpeg 100w, https:\/\/www.galerie-obrist.de\/wordpress\/wp-content\/uploads\/2023\/11\/IMG_9033-800x800.jpeg 800w\" data-sizes=\"100vw\" src=\"data:image\/svg+xml;base64,PHN2ZyB3aWR0aD0iMSIgaGVpZ2h0PSIxIiB4bWxucz0iaHR0cDovL3d3dy53My5vcmcvMjAwMC9zdmciPjwvc3ZnPg==\" style=\"--smush-placeholder-width: 300px; --smush-placeholder-aspect-ratio: 300\/300;\" \/><h2 class=\"woocommerce-loop-product__title\">Andreas Titzrath: Irritation IV<\/h2>\n\t<span class=\"price\"><span class=\"woocommerce-Price-amount amount\"><bdi>480,00&nbsp;<span class=\"woocommerce-Price-currencySymbol\">&euro;<\/span><\/bdi><\/span><\/span>\n<\/a><a href=\"https:\/\/www.galerie-obrist.de\/en\/produkt\/andreas-titzrath-irritation-iv\/\" class=\"button product_type_simple\">Details<\/a>\t<span id=\"woocommerce_loop_add_to_cart_link_describedby_14005\" class=\"screen-reader-text\">\n\t\t\t<\/span>\n<\/li>\n<li class=\"product type-product post-14007 status-publish first instock product_cat-malerei product_cat-irritation-wt23 product_tag-andreas-titzrath has-post-thumbnail taxable shipping-taxable purchasable product-type-simple\">\n\t<a href=\"https:\/\/www.galerie-obrist.de\/en\/produkt\/andreas-titzrath-irritation-v\/\" class=\"woocommerce-LoopProduct-link woocommerce-loop-product__link\"><img decoding=\"async\" width=\"300\" height=\"300\" data-src=\"https:\/\/www.galerie-obrist.de\/wordpress\/wp-content\/uploads\/2023\/11\/IMG_9034-300x300.jpeg\" class=\"attachment-woocommerce_thumbnail size-woocommerce_thumbnail lazyload\" alt=\"Andreas Titzrath: Irritation V\" data-srcset=\"https:\/\/www.galerie-obrist.de\/wordpress\/wp-content\/uploads\/2023\/11\/IMG_9034-300x300.jpeg 300w, https:\/\/www.galerie-obrist.de\/wordpress\/wp-content\/uploads\/2023\/11\/IMG_9034-150x150.jpeg 150w, https:\/\/www.galerie-obrist.de\/wordpress\/wp-content\/uploads\/2023\/11\/IMG_9034-100x100.jpeg 100w, https:\/\/www.galerie-obrist.de\/wordpress\/wp-content\/uploads\/2023\/11\/IMG_9034-800x800.jpeg 800w\" data-sizes=\"100vw\" src=\"data:image\/svg+xml;base64,PHN2ZyB3aWR0aD0iMSIgaGVpZ2h0PSIxIiB4bWxucz0iaHR0cDovL3d3dy53My5vcmcvMjAwMC9zdmciPjwvc3ZnPg==\" style=\"--smush-placeholder-width: 300px; --smush-placeholder-aspect-ratio: 300\/300;\" \/><h2 class=\"woocommerce-loop-product__title\">Andreas Titzrath: Irritation V<\/h2>\n\t<span class=\"price\"><span class=\"woocommerce-Price-amount amount\"><bdi>480,00&nbsp;<span class=\"woocommerce-Price-currencySymbol\">&euro;<\/span><\/bdi><\/span><\/span>\n<\/a><a href=\"https:\/\/www.galerie-obrist.de\/en\/produkt\/andreas-titzrath-irritation-v\/\" class=\"button product_type_simple\">Details<\/a>\t<span id=\"woocommerce_loop_add_to_cart_link_describedby_14007\" class=\"screen-reader-text\">\n\t\t\t<\/span>\n<\/li>\n<li class=\"product type-product post-14009 status-publish instock product_cat-malerei product_cat-irritation-wt23 product_tag-andreas-titzrath has-post-thumbnail taxable shipping-taxable purchasable product-type-simple\">\n\t<a href=\"https:\/\/www.galerie-obrist.de\/en\/produkt\/andreas-titzrath-irritation-vi\/\" class=\"woocommerce-LoopProduct-link woocommerce-loop-product__link\"><img decoding=\"async\" width=\"300\" height=\"300\" data-src=\"https:\/\/www.galerie-obrist.de\/wordpress\/wp-content\/uploads\/2023\/11\/IMG_9035-300x300.jpeg\" class=\"attachment-woocommerce_thumbnail size-woocommerce_thumbnail lazyload\" alt=\"Andreas Titzrath: Irritation VI\" data-srcset=\"https:\/\/www.galerie-obrist.de\/wordpress\/wp-content\/uploads\/2023\/11\/IMG_9035-300x300.jpeg 300w, https:\/\/www.galerie-obrist.de\/wordpress\/wp-content\/uploads\/2023\/11\/IMG_9035-150x150.jpeg 150w, https:\/\/www.galerie-obrist.de\/wordpress\/wp-content\/uploads\/2023\/11\/IMG_9035-100x100.jpeg 100w, https:\/\/www.galerie-obrist.de\/wordpress\/wp-content\/uploads\/2023\/11\/IMG_9035-800x800.jpeg 800w\" data-sizes=\"100vw\" src=\"data:image\/svg+xml;base64,PHN2ZyB3aWR0aD0iMSIgaGVpZ2h0PSIxIiB4bWxucz0iaHR0cDovL3d3dy53My5vcmcvMjAwMC9zdmciPjwvc3ZnPg==\" style=\"--smush-placeholder-width: 300px; --smush-placeholder-aspect-ratio: 300\/300;\" \/><h2 class=\"woocommerce-loop-product__title\">Andreas Titzrath: Irritation VI<\/h2>\n\t<span class=\"price\"><span class=\"woocommerce-Price-amount amount\"><bdi>480,00&nbsp;<span class=\"woocommerce-Price-currencySymbol\">&euro;<\/span><\/bdi><\/span><\/span>\n<\/a><a href=\"https:\/\/www.galerie-obrist.de\/en\/produkt\/andreas-titzrath-irritation-vi\/\" class=\"button product_type_simple\">Details<\/a>\t<span id=\"woocommerce_loop_add_to_cart_link_describedby_14009\" class=\"screen-reader-text\">\n\t\t\t<\/span>\n<\/li>\n<li class=\"product type-product post-13495 status-publish instock product_cat-artkarlsruhe2024 product_cat-malerei product_cat-collectors-lounge-2023 product_cat-irritation-wt23 product_cat-luxembourg-art-week-2023 product_cat-plastik product_cat-positions-2026 product_tag-annette-sauermann has-post-thumbnail taxable shipping-taxable purchasable product-type-simple\">\n\t<a href=\"https:\/\/www.galerie-obrist.de\/en\/produkt\/annette-sauermann-ohne-titel\/\" class=\"woocommerce-LoopProduct-link woocommerce-loop-product__link\"><img decoding=\"async\" width=\"300\" height=\"300\" data-src=\"https:\/\/www.galerie-obrist.de\/wordpress\/wp-content\/uploads\/2023\/06\/6900-300x300.jpg\" class=\"attachment-woocommerce_thumbnail size-woocommerce_thumbnail lazyload\" alt=\"Annette Sauermann: Ohne Titel\" data-srcset=\"https:\/\/www.galerie-obrist.de\/wordpress\/wp-content\/uploads\/2023\/06\/6900-300x300.jpg 300w, https:\/\/www.galerie-obrist.de\/wordpress\/wp-content\/uploads\/2023\/06\/6900-301x300.jpg 301w, https:\/\/www.galerie-obrist.de\/wordpress\/wp-content\/uploads\/2023\/06\/6900-1024x1020.jpg 1024w, https:\/\/www.galerie-obrist.de\/wordpress\/wp-content\/uploads\/2023\/06\/6900-150x150.jpg 150w, https:\/\/www.galerie-obrist.de\/wordpress\/wp-content\/uploads\/2023\/06\/6900-768x765.jpg 768w, https:\/\/www.galerie-obrist.de\/wordpress\/wp-content\/uploads\/2023\/06\/6900-600x598.jpg 600w, https:\/\/www.galerie-obrist.de\/wordpress\/wp-content\/uploads\/2023\/06\/6900-100x100.jpg 100w, https:\/\/www.galerie-obrist.de\/wordpress\/wp-content\/uploads\/2023\/06\/6900-800x800.jpg 800w, https:\/\/www.galerie-obrist.de\/wordpress\/wp-content\/uploads\/2023\/06\/6900.jpg 1200w\" data-sizes=\"100vw\" src=\"data:image\/svg+xml;base64,PHN2ZyB3aWR0aD0iMSIgaGVpZ2h0PSIxIiB4bWxucz0iaHR0cDovL3d3dy53My5vcmcvMjAwMC9zdmciPjwvc3ZnPg==\" style=\"--smush-placeholder-width: 300px; --smush-placeholder-aspect-ratio: 300\/300;\" \/><h2 class=\"woocommerce-loop-product__title\">Annette Sauermann: Ohne Titel<\/h2>\n\t<span class=\"price\"><span class=\"woocommerce-Price-amount amount\"><bdi>4.400,00&nbsp;<span class=\"woocommerce-Price-currencySymbol\">&euro;<\/span><\/bdi><\/span><\/span>\n<\/a><a href=\"https:\/\/www.galerie-obrist.de\/en\/produkt\/annette-sauermann-ohne-titel\/\" class=\"button product_type_simple\">Details<\/a>\t<span id=\"woocommerce_loop_add_to_cart_link_describedby_13495\" class=\"screen-reader-text\">\n\t\t\t<\/span>\n<\/li>\n<li class=\"product type-product post-13990 status-publish last instock product_cat-malerei product_cat-irritation-wt23 product_cat-wt2024-my-cup-of-tea product_tag-armin-scheid has-post-thumbnail taxable shipping-taxable purchasable product-type-simple\">\n\t<a href=\"https:\/\/www.galerie-obrist.de\/en\/produkt\/armin-scheid-little-soft-spots-tondo\/\" class=\"woocommerce-LoopProduct-link woocommerce-loop-product__link\"><img decoding=\"async\" width=\"300\" height=\"300\" data-src=\"https:\/\/www.galerie-obrist.de\/wordpress\/wp-content\/uploads\/2023\/11\/Little-Soft-Spots-Tondo-300x300.jpg\" class=\"attachment-woocommerce_thumbnail size-woocommerce_thumbnail lazyload\" alt=\"Armin Scheid: Little Soft Spots Tondo\" data-srcset=\"https:\/\/www.galerie-obrist.de\/wordpress\/wp-content\/uploads\/2023\/11\/Little-Soft-Spots-Tondo-300x300.jpg 300w, https:\/\/www.galerie-obrist.de\/wordpress\/wp-content\/uploads\/2023\/11\/Little-Soft-Spots-Tondo-150x150.jpg 150w, https:\/\/www.galerie-obrist.de\/wordpress\/wp-content\/uploads\/2023\/11\/Little-Soft-Spots-Tondo-100x100.jpg 100w, https:\/\/www.galerie-obrist.de\/wordpress\/wp-content\/uploads\/2023\/11\/Little-Soft-Spots-Tondo-800x800.jpg 800w\" data-sizes=\"100vw\" src=\"data:image\/svg+xml;base64,PHN2ZyB3aWR0aD0iMSIgaGVpZ2h0PSIxIiB4bWxucz0iaHR0cDovL3d3dy53My5vcmcvMjAwMC9zdmciPjwvc3ZnPg==\" style=\"--smush-placeholder-width: 300px; --smush-placeholder-aspect-ratio: 300\/300;\" \/><h2 class=\"woocommerce-loop-product__title\">Armin Scheid: Little Soft Spots Tondo<\/h2>\n\t<span class=\"price\"><span class=\"woocommerce-Price-amount amount\"><bdi>1.400,00&nbsp;<span class=\"woocommerce-Price-currencySymbol\">&euro;<\/span><\/bdi><\/span><\/span>\n<\/a><a href=\"https:\/\/www.galerie-obrist.de\/en\/produkt\/armin-scheid-little-soft-spots-tondo\/\" class=\"button product_type_simple\">Details<\/a>\t<span id=\"woocommerce_loop_add_to_cart_link_describedby_13990\" class=\"screen-reader-text\">\n\t\t\t<\/span>\n<\/li>\n<li class=\"product type-product post-13988 status-publish first instock product_cat-malerei product_cat-callforprice product_cat-irritation-wt23 product_tag-armin-scheid product_tag-callforprice has-post-thumbnail taxable shipping-taxable product-type-simple\">\n\t<a href=\"https:\/\/www.galerie-obrist.de\/en\/produkt\/armin-scheid-oleander-tondo\/\" class=\"woocommerce-LoopProduct-link woocommerce-loop-product__link\"><img decoding=\"async\" width=\"300\" height=\"300\" data-src=\"https:\/\/www.galerie-obrist.de\/wordpress\/wp-content\/uploads\/2023\/11\/OLEANDER-TONDO-Golden-Hour-2022-137-cm-Durchmesser-300x300.jpeg\" class=\"attachment-woocommerce_thumbnail size-woocommerce_thumbnail lazyload\" alt=\"Armin Scheid: Oleander Tondo (Golden Hour)\" data-srcset=\"https:\/\/www.galerie-obrist.de\/wordpress\/wp-content\/uploads\/2023\/11\/OLEANDER-TONDO-Golden-Hour-2022-137-cm-Durchmesser-300x300.jpeg 300w, https:\/\/www.galerie-obrist.de\/wordpress\/wp-content\/uploads\/2023\/11\/OLEANDER-TONDO-Golden-Hour-2022-137-cm-Durchmesser-150x150.jpeg 150w, https:\/\/www.galerie-obrist.de\/wordpress\/wp-content\/uploads\/2023\/11\/OLEANDER-TONDO-Golden-Hour-2022-137-cm-Durchmesser-100x100.jpeg 100w, https:\/\/www.galerie-obrist.de\/wordpress\/wp-content\/uploads\/2023\/11\/OLEANDER-TONDO-Golden-Hour-2022-137-cm-Durchmesser-800x800.jpeg 800w\" data-sizes=\"100vw\" src=\"data:image\/svg+xml;base64,PHN2ZyB3aWR0aD0iMSIgaGVpZ2h0PSIxIiB4bWxucz0iaHR0cDovL3d3dy53My5vcmcvMjAwMC9zdmciPjwvc3ZnPg==\" style=\"--smush-placeholder-width: 300px; --smush-placeholder-aspect-ratio: 300\/300;\" \/><h2 class=\"woocommerce-loop-product__title\">Armin Scheid: Oleander Tondo (Golden Hour)<\/h2>\n\t<span class=\"price\"><span class=\"woocommerce-Price-amount amount\"><bdi>6.500,00&nbsp;<span class=\"woocommerce-Price-currencySymbol\">&euro;<\/span><\/bdi><\/span><\/span>\n<\/a><a href=\"https:\/\/www.galerie-obrist.de\/en\/produkt\/armin-scheid-oleander-tondo\/\" class=\"button product_type_simple\">Details<\/a>\t<span id=\"woocommerce_loop_add_to_cart_link_describedby_13988\" class=\"screen-reader-text\">\n\t\t\t<\/span>\n<\/li>\n<li class=\"product type-product post-13992 status-publish instock product_cat-malerei product_cat-irritation-wt23 product_tag-barbara-ring has-post-thumbnail taxable shipping-taxable purchasable product-type-simple\">\n\t<a href=\"https:\/\/www.galerie-obrist.de\/en\/produkt\/barbara-ring-maybe-a-bird-i\/\" class=\"woocommerce-LoopProduct-link woocommerce-loop-product__link\"><img decoding=\"async\" width=\"300\" height=\"300\" data-src=\"https:\/\/www.galerie-obrist.de\/wordpress\/wp-content\/uploads\/2023\/11\/IMG_9027-300x300.jpeg\" class=\"attachment-woocommerce_thumbnail size-woocommerce_thumbnail lazyload\" alt=\"Barbara Ring: Maybe A Bird I\" data-srcset=\"https:\/\/www.galerie-obrist.de\/wordpress\/wp-content\/uploads\/2023\/11\/IMG_9027-300x300.jpeg 300w, https:\/\/www.galerie-obrist.de\/wordpress\/wp-content\/uploads\/2023\/11\/IMG_9027-150x150.jpeg 150w, https:\/\/www.galerie-obrist.de\/wordpress\/wp-content\/uploads\/2023\/11\/IMG_9027-100x100.jpeg 100w, https:\/\/www.galerie-obrist.de\/wordpress\/wp-content\/uploads\/2023\/11\/IMG_9027-800x800.jpeg 800w\" data-sizes=\"100vw\" src=\"data:image\/svg+xml;base64,PHN2ZyB3aWR0aD0iMSIgaGVpZ2h0PSIxIiB4bWxucz0iaHR0cDovL3d3dy53My5vcmcvMjAwMC9zdmciPjwvc3ZnPg==\" style=\"--smush-placeholder-width: 300px; --smush-placeholder-aspect-ratio: 300\/300;\" \/><h2 class=\"woocommerce-loop-product__title\">Barbara Ring: Maybe A Bird I<\/h2>\n\t<span class=\"price\"><span class=\"woocommerce-Price-amount amount\"><bdi>1.200,00&nbsp;<span class=\"woocommerce-Price-currencySymbol\">&euro;<\/span><\/bdi><\/span><\/span>\n<\/a><a href=\"https:\/\/www.galerie-obrist.de\/en\/produkt\/barbara-ring-maybe-a-bird-i\/\" class=\"button product_type_simple\">Details<\/a>\t<span id=\"woocommerce_loop_add_to_cart_link_describedby_13992\" class=\"screen-reader-text\">\n\t\t\t<\/span>\n<\/li>\n<li class=\"product type-product post-13994 status-publish instock product_cat-malerei product_cat-irritation-wt23 product_tag-barbara-ring has-post-thumbnail taxable shipping-taxable purchasable product-type-simple\">\n\t<a href=\"https:\/\/www.galerie-obrist.de\/en\/produkt\/barbara-ring-maybe-a-bird-ii\/\" class=\"woocommerce-LoopProduct-link woocommerce-loop-product__link\"><img decoding=\"async\" width=\"300\" height=\"300\" data-src=\"https:\/\/www.galerie-obrist.de\/wordpress\/wp-content\/uploads\/2023\/11\/IMG_9026-300x300.jpeg\" class=\"attachment-woocommerce_thumbnail size-woocommerce_thumbnail lazyload\" alt=\"Barbara Ring: Maybe A Bird II\" data-srcset=\"https:\/\/www.galerie-obrist.de\/wordpress\/wp-content\/uploads\/2023\/11\/IMG_9026-300x300.jpeg 300w, https:\/\/www.galerie-obrist.de\/wordpress\/wp-content\/uploads\/2023\/11\/IMG_9026-299x300.jpeg 299w, https:\/\/www.galerie-obrist.de\/wordpress\/wp-content\/uploads\/2023\/11\/IMG_9026-150x150.jpeg 150w, https:\/\/www.galerie-obrist.de\/wordpress\/wp-content\/uploads\/2023\/11\/IMG_9026-768x770.jpeg 768w, https:\/\/www.galerie-obrist.de\/wordpress\/wp-content\/uploads\/2023\/11\/IMG_9026-600x602.jpeg 600w, https:\/\/www.galerie-obrist.de\/wordpress\/wp-content\/uploads\/2023\/11\/IMG_9026-100x100.jpeg 100w, https:\/\/www.galerie-obrist.de\/wordpress\/wp-content\/uploads\/2023\/11\/IMG_9026-800x800.jpeg 800w, https:\/\/www.galerie-obrist.de\/wordpress\/wp-content\/uploads\/2023\/11\/IMG_9026.jpeg 960w\" data-sizes=\"100vw\" src=\"data:image\/svg+xml;base64,PHN2ZyB3aWR0aD0iMSIgaGVpZ2h0PSIxIiB4bWxucz0iaHR0cDovL3d3dy53My5vcmcvMjAwMC9zdmciPjwvc3ZnPg==\" style=\"--smush-placeholder-width: 300px; --smush-placeholder-aspect-ratio: 300\/300;\" \/><h2 class=\"woocommerce-loop-product__title\">Barbara Ring: Maybe A Bird II<\/h2>\n\t<span class=\"price\"><span class=\"woocommerce-Price-amount amount\"><bdi>1.200,00&nbsp;<span class=\"woocommerce-Price-currencySymbol\">&euro;<\/span><\/bdi><\/span><\/span>\n<\/a><a href=\"https:\/\/www.galerie-obrist.de\/en\/produkt\/barbara-ring-maybe-a-bird-ii\/\" class=\"button product_type_simple\">Details<\/a>\t<span id=\"woocommerce_loop_add_to_cart_link_describedby_13994\" class=\"screen-reader-text\">\n\t\t\t<\/span>\n<\/li>\n<li class=\"product type-product post-13882 status-publish last outofstock product_cat-artkarlsruhe2024 product_cat-malerei product_cat-callforprice product_cat-irritation-wt23 product_cat-luxembourg-art-week-2022 product_cat-luxembourg-art-week-2023 product_tag-callforprice product_tag-dirk-salz has-post-thumbnail product-type-simple\">\n\t<a href=\"https:\/\/www.galerie-obrist.de\/en\/produkt\/dirk-salz-ohne-titel-2284\/\" class=\"woocommerce-LoopProduct-link woocommerce-loop-product__link\"><img decoding=\"async\" width=\"300\" height=\"300\" data-src=\"https:\/\/www.galerie-obrist.de\/wordpress\/wp-content\/uploads\/2023\/11\/DSA_M_463.002.M-300x300.jpg\" class=\"attachment-woocommerce_thumbnail size-woocommerce_thumbnail lazyload\" alt=\"Dirk Salz: Ohne Titel, #2284 \ud83d\udd35\" data-srcset=\"https:\/\/www.galerie-obrist.de\/wordpress\/wp-content\/uploads\/2023\/11\/DSA_M_463.002.M-300x300.jpg 300w, https:\/\/www.galerie-obrist.de\/wordpress\/wp-content\/uploads\/2023\/11\/DSA_M_463.002.M-150x150.jpg 150w, https:\/\/www.galerie-obrist.de\/wordpress\/wp-content\/uploads\/2023\/11\/DSA_M_463.002.M-100x100.jpg 100w, https:\/\/www.galerie-obrist.de\/wordpress\/wp-content\/uploads\/2023\/11\/DSA_M_463.002.M-800x800.jpg 800w\" data-sizes=\"100vw\" src=\"data:image\/svg+xml;base64,PHN2ZyB3aWR0aD0iMSIgaGVpZ2h0PSIxIiB4bWxucz0iaHR0cDovL3d3dy53My5vcmcvMjAwMC9zdmciPjwvc3ZnPg==\" style=\"--smush-placeholder-width: 300px; --smush-placeholder-aspect-ratio: 300\/300;\" \/>\t<span class=\"wcosm_soldout\">NICHT MEHR VERF\u00dcGBAR!<\/span>\t<style> .woocommerce .product span.wcosm_soldout{background-color: #56c997; color:#fdfdfd; position: absolute;z-index: 999;padding: 5px 10px;border-radius:2px; right: -5px;top: -5px;width:fit-content; }<\/style>\r\n\t<h2 class=\"woocommerce-loop-product__title\">Dirk Salz: Ohne Titel, #2284 \ud83d\udd35<\/h2>\n\t<span class=\"price\"><span class=\"woocommerce-Price-amount amount\"><bdi>4.500,00&nbsp;<span class=\"woocommerce-Price-currencySymbol\">&euro;<\/span><\/bdi><\/span><\/span>\n<\/a><a href=\"https:\/\/www.galerie-obrist.de\/en\/produkt\/dirk-salz-ohne-titel-2284\/\" class=\"button product_type_simple\">Details<\/a>\t<span id=\"woocommerce_loop_add_to_cart_link_describedby_13882\" class=\"screen-reader-text\">\n\t\t\t<\/span>\n<\/li>\n<li class=\"product type-product post-13903 status-publish first outofstock product_cat-artkarlsruhe2024 product_cat-malerei product_cat-callforprice product_cat-irritation-wt23 product_cat-luxembourg-art-week-2023 product_tag-callforprice product_tag-dirk-salz has-post-thumbnail product-type-simple\">\n\t<a href=\"https:\/\/www.galerie-obrist.de\/en\/produkt\/dirk-salz-ohne-titel-2827\/\" class=\"woocommerce-LoopProduct-link woocommerce-loop-product__link\"><img decoding=\"async\" width=\"300\" height=\"300\" data-src=\"https:\/\/www.galerie-obrist.de\/wordpress\/wp-content\/uploads\/2023\/11\/6983-300x300.jpg\" class=\"attachment-woocommerce_thumbnail size-woocommerce_thumbnail lazyload\" alt=\"Dirk Salz: Ohne Titel #2827 \ud83d\udd35\" data-srcset=\"https:\/\/www.galerie-obrist.de\/wordpress\/wp-content\/uploads\/2023\/11\/6983-300x300.jpg 300w, https:\/\/www.galerie-obrist.de\/wordpress\/wp-content\/uploads\/2023\/11\/6983-150x150.jpg 150w, https:\/\/www.galerie-obrist.de\/wordpress\/wp-content\/uploads\/2023\/11\/6983-100x100.jpg 100w, https:\/\/www.galerie-obrist.de\/wordpress\/wp-content\/uploads\/2023\/11\/6983-800x800.jpg 800w\" data-sizes=\"100vw\" src=\"data:image\/svg+xml;base64,PHN2ZyB3aWR0aD0iMSIgaGVpZ2h0PSIxIiB4bWxucz0iaHR0cDovL3d3dy53My5vcmcvMjAwMC9zdmciPjwvc3ZnPg==\" style=\"--smush-placeholder-width: 300px; --smush-placeholder-aspect-ratio: 300\/300;\" \/>\t<span class=\"wcosm_soldout\">NICHT MEHR VERF\u00dcGBAR!<\/span>\t<style> .woocommerce .product span.wcosm_soldout{background-color: #56c997; color:#fdfdfd; position: absolute;z-index: 999;padding: 5px 10px;border-radius:2px; right: -5px;top: -5px;width:fit-content; }<\/style>\r\n\t<h2 class=\"woocommerce-loop-product__title\">Dirk Salz: Ohne Titel #2827 \ud83d\udd35<\/h2>\n\t<span class=\"price\"><span class=\"woocommerce-Price-amount amount\"><bdi>9.100,00&nbsp;<span class=\"woocommerce-Price-currencySymbol\">&euro;<\/span><\/bdi><\/span><\/span>\n<\/a><a href=\"https:\/\/www.galerie-obrist.de\/en\/produkt\/dirk-salz-ohne-titel-2827\/\" class=\"button product_type_simple\">Details<\/a>\t<span id=\"woocommerce_loop_add_to_cart_link_describedby_13903\" class=\"screen-reader-text\">\n\t\t\t<\/span>\n<\/li>\n<li class=\"product type-product post-14033 status-publish instock product_cat-malerei product_cat-irritation-wt23 product_tag-eva-aurich has-post-thumbnail taxable shipping-taxable purchasable product-type-simple\">\n\t<a href=\"https:\/\/www.galerie-obrist.de\/en\/produkt\/eva-aurich-apparitions\/\" class=\"woocommerce-LoopProduct-link woocommerce-loop-product__link\"><img decoding=\"async\" width=\"300\" height=\"300\" data-src=\"https:\/\/www.galerie-obrist.de\/wordpress\/wp-content\/uploads\/2023\/11\/IMG_9043-300x300.jpeg\" class=\"attachment-woocommerce_thumbnail size-woocommerce_thumbnail lazyload\" alt=\"Eva Aurich: Apparitions\" data-srcset=\"https:\/\/www.galerie-obrist.de\/wordpress\/wp-content\/uploads\/2023\/11\/IMG_9043-300x300.jpeg 300w, https:\/\/www.galerie-obrist.de\/wordpress\/wp-content\/uploads\/2023\/11\/IMG_9043-150x150.jpeg 150w, https:\/\/www.galerie-obrist.de\/wordpress\/wp-content\/uploads\/2023\/11\/IMG_9043-100x100.jpeg 100w, https:\/\/www.galerie-obrist.de\/wordpress\/wp-content\/uploads\/2023\/11\/IMG_9043-800x800.jpeg 800w\" data-sizes=\"100vw\" src=\"data:image\/svg+xml;base64,PHN2ZyB3aWR0aD0iMSIgaGVpZ2h0PSIxIiB4bWxucz0iaHR0cDovL3d3dy53My5vcmcvMjAwMC9zdmciPjwvc3ZnPg==\" style=\"--smush-placeholder-width: 300px; --smush-placeholder-aspect-ratio: 300\/300;\" \/><h2 class=\"woocommerce-loop-product__title\">Eva Aurich: Apparitions<\/h2>\n\t<span class=\"price\"><span class=\"woocommerce-Price-amount amount\"><bdi>700,00&nbsp;<span class=\"woocommerce-Price-currencySymbol\">&euro;<\/span><\/bdi><\/span><\/span>\n<\/a><a href=\"https:\/\/www.galerie-obrist.de\/en\/produkt\/eva-aurich-apparitions\/\" class=\"button product_type_simple\">Details<\/a>\t<span id=\"woocommerce_loop_add_to_cart_link_describedby_14033\" class=\"screen-reader-text\">\n\t\t\t<\/span>\n<\/li>\n<li class=\"product type-product post-14047 status-publish outofstock product_cat-callforprice product_cat-irritation-wt23 product_cat-plastik product_tag-callforprice product_tag-gilles-fromonteil has-post-thumbnail taxable shipping-taxable product-type-simple\">\n\t<a href=\"https:\/\/www.galerie-obrist.de\/en\/produkt\/gilles-fromonteil-am\/\" class=\"woocommerce-LoopProduct-link woocommerce-loop-product__link\"><img decoding=\"async\" width=\"300\" height=\"300\" data-src=\"https:\/\/www.galerie-obrist.de\/wordpress\/wp-content\/uploads\/2023\/11\/IMG_9050-300x300.jpg\" class=\"attachment-woocommerce_thumbnail size-woocommerce_thumbnail lazyload\" alt=\"Gilles Fromonteil: AM\" data-srcset=\"https:\/\/www.galerie-obrist.de\/wordpress\/wp-content\/uploads\/2023\/11\/IMG_9050-300x300.jpg 300w, https:\/\/www.galerie-obrist.de\/wordpress\/wp-content\/uploads\/2023\/11\/IMG_9050-150x150.jpg 150w, https:\/\/www.galerie-obrist.de\/wordpress\/wp-content\/uploads\/2023\/11\/IMG_9050-100x100.jpg 100w, https:\/\/www.galerie-obrist.de\/wordpress\/wp-content\/uploads\/2023\/11\/IMG_9050-800x800.jpg 800w\" data-sizes=\"100vw\" src=\"data:image\/svg+xml;base64,PHN2ZyB3aWR0aD0iMSIgaGVpZ2h0PSIxIiB4bWxucz0iaHR0cDovL3d3dy53My5vcmcvMjAwMC9zdmciPjwvc3ZnPg==\" style=\"--smush-placeholder-width: 300px; --smush-placeholder-aspect-ratio: 300\/300;\" \/>\t<span class=\"wcosm_soldout\">NICHT MEHR VERF\u00dcGBAR!<\/span>\t<style> .woocommerce .product span.wcosm_soldout{background-color: #56c997; color:#fdfdfd; position: absolute;z-index: 999;padding: 5px 10px;border-radius:2px; right: -5px;top: -5px;width:fit-content; }<\/style>\r\n\t<h2 class=\"woocommerce-loop-product__title\">Gilles Fromonteil: AM<\/h2>\n\t<span class=\"price\"><span class=\"woocommerce-Price-amount amount\"><bdi>10.000,00&nbsp;<span class=\"woocommerce-Price-currencySymbol\">&euro;<\/span><\/bdi><\/span><\/span>\n<\/a><a href=\"https:\/\/www.galerie-obrist.de\/en\/produkt\/gilles-fromonteil-am\/\" class=\"button product_type_simple\">Details<\/a>\t<span id=\"woocommerce_loop_add_to_cart_link_describedby_14047\" class=\"screen-reader-text\">\n\t\t\t<\/span>\n<\/li>\n<li class=\"product type-product post-14020 status-publish last instock product_cat-irritation-wt23 product_cat-fotografie product_tag-helge-emmaneel has-post-thumbnail taxable shipping-taxable purchasable product-type-simple\">\n\t<a href=\"https:\/\/www.galerie-obrist.de\/en\/produkt\/helge-emmaneel-mountainscape-xxxiv\/\" class=\"woocommerce-LoopProduct-link woocommerce-loop-product__link\"><img decoding=\"async\" width=\"300\" height=\"300\" data-src=\"https:\/\/www.galerie-obrist.de\/wordpress\/wp-content\/uploads\/2023\/11\/IMG_9028-1-300x300.jpeg\" class=\"attachment-woocommerce_thumbnail size-woocommerce_thumbnail lazyload\" alt=\"Helge Emmaneel: Mountainscape XXXIV\" data-srcset=\"https:\/\/www.galerie-obrist.de\/wordpress\/wp-content\/uploads\/2023\/11\/IMG_9028-1-300x300.jpeg 300w, https:\/\/www.galerie-obrist.de\/wordpress\/wp-content\/uploads\/2023\/11\/IMG_9028-1-150x150.jpeg 150w, https:\/\/www.galerie-obrist.de\/wordpress\/wp-content\/uploads\/2023\/11\/IMG_9028-1-100x100.jpeg 100w, https:\/\/www.galerie-obrist.de\/wordpress\/wp-content\/uploads\/2023\/11\/IMG_9028-1-800x800.jpeg 800w\" data-sizes=\"100vw\" src=\"data:image\/svg+xml;base64,PHN2ZyB3aWR0aD0iMSIgaGVpZ2h0PSIxIiB4bWxucz0iaHR0cDovL3d3dy53My5vcmcvMjAwMC9zdmciPjwvc3ZnPg==\" style=\"--smush-placeholder-width: 300px; --smush-placeholder-aspect-ratio: 300\/300;\" \/><h2 class=\"woocommerce-loop-product__title\">Helge Emmaneel: Mountainscape XXXIV<\/h2>\n\t<span class=\"price\"><span class=\"woocommerce-Price-amount amount\"><bdi>2.100,00&nbsp;<span class=\"woocommerce-Price-currencySymbol\">&euro;<\/span><\/bdi><\/span><\/span>\n<\/a><a href=\"https:\/\/www.galerie-obrist.de\/en\/produkt\/helge-emmaneel-mountainscape-xxxiv\/\" class=\"button product_type_simple\">Details<\/a>\t<span id=\"woocommerce_loop_add_to_cart_link_describedby_14020\" class=\"screen-reader-text\">\n\t\t\t<\/span>\n<\/li>\n<li class=\"product type-product post-14023 status-publish first instock product_cat-irritation-wt23 product_cat-fotografie product_tag-ilka-helmig has-post-thumbnail taxable shipping-taxable purchasable product-type-simple\">\n\t<a href=\"https:\/\/www.galerie-obrist.de\/en\/produkt\/ilka-helmig-faltung-1\/\" class=\"woocommerce-LoopProduct-link woocommerce-loop-product__link\"><img decoding=\"async\" width=\"300\" height=\"300\" data-src=\"https:\/\/www.galerie-obrist.de\/wordpress\/wp-content\/uploads\/2023\/11\/IMG_9041-300x300.jpg\" class=\"attachment-woocommerce_thumbnail size-woocommerce_thumbnail lazyload\" alt=\"Ilka Helmig: Faltung (1)\" data-srcset=\"https:\/\/www.galerie-obrist.de\/wordpress\/wp-content\/uploads\/2023\/11\/IMG_9041-300x300.jpg 300w, https:\/\/www.galerie-obrist.de\/wordpress\/wp-content\/uploads\/2023\/11\/IMG_9041-150x150.jpg 150w, https:\/\/www.galerie-obrist.de\/wordpress\/wp-content\/uploads\/2023\/11\/IMG_9041-100x100.jpg 100w, https:\/\/www.galerie-obrist.de\/wordpress\/wp-content\/uploads\/2023\/11\/IMG_9041-800x800.jpg 800w\" data-sizes=\"100vw\" src=\"data:image\/svg+xml;base64,PHN2ZyB3aWR0aD0iMSIgaGVpZ2h0PSIxIiB4bWxucz0iaHR0cDovL3d3dy53My5vcmcvMjAwMC9zdmciPjwvc3ZnPg==\" style=\"--smush-placeholder-width: 300px; --smush-placeholder-aspect-ratio: 300\/300;\" \/><h2 class=\"woocommerce-loop-product__title\">Ilka Helmig: Faltung (1)<\/h2>\n\t<span class=\"price\"><span class=\"woocommerce-Price-amount amount\"><bdi>800,00&nbsp;<span class=\"woocommerce-Price-currencySymbol\">&euro;<\/span><\/bdi><\/span><\/span>\n<\/a><a href=\"https:\/\/www.galerie-obrist.de\/en\/produkt\/ilka-helmig-faltung-1\/\" class=\"button product_type_simple\">Details<\/a>\t<span id=\"woocommerce_loop_add_to_cart_link_describedby_14023\" class=\"screen-reader-text\">\n\t\t\t<\/span>\n<\/li>\n<li class=\"product type-product post-14026 status-publish instock product_cat-irritation-wt23 product_cat-fotografie product_tag-ilka-helmig has-post-thumbnail taxable shipping-taxable purchasable product-type-simple\">\n\t<a href=\"https:\/\/www.galerie-obrist.de\/en\/produkt\/ilka-helmig-faltung-2\/\" class=\"woocommerce-LoopProduct-link woocommerce-loop-product__link\"><img decoding=\"async\" width=\"300\" height=\"300\" data-src=\"https:\/\/www.galerie-obrist.de\/wordpress\/wp-content\/uploads\/2023\/11\/IMG_9042-300x300.jpg\" class=\"attachment-woocommerce_thumbnail size-woocommerce_thumbnail lazyload\" alt=\"Ilka Helmig: Faltung (2)\" data-srcset=\"https:\/\/www.galerie-obrist.de\/wordpress\/wp-content\/uploads\/2023\/11\/IMG_9042-300x300.jpg 300w, https:\/\/www.galerie-obrist.de\/wordpress\/wp-content\/uploads\/2023\/11\/IMG_9042-150x150.jpg 150w, https:\/\/www.galerie-obrist.de\/wordpress\/wp-content\/uploads\/2023\/11\/IMG_9042-100x100.jpg 100w, https:\/\/www.galerie-obrist.de\/wordpress\/wp-content\/uploads\/2023\/11\/IMG_9042-800x800.jpg 800w\" data-sizes=\"100vw\" src=\"data:image\/svg+xml;base64,PHN2ZyB3aWR0aD0iMSIgaGVpZ2h0PSIxIiB4bWxucz0iaHR0cDovL3d3dy53My5vcmcvMjAwMC9zdmciPjwvc3ZnPg==\" style=\"--smush-placeholder-width: 300px; --smush-placeholder-aspect-ratio: 300\/300;\" \/><h2 class=\"woocommerce-loop-product__title\">Ilka Helmig: Faltung (2)<\/h2>\n\t<span class=\"price\"><span class=\"woocommerce-Price-amount amount\"><bdi>800,00&nbsp;<span class=\"woocommerce-Price-currencySymbol\">&euro;<\/span><\/bdi><\/span><\/span>\n<\/a><a href=\"https:\/\/www.galerie-obrist.de\/en\/produkt\/ilka-helmig-faltung-2\/\" class=\"button product_type_simple\">Details<\/a>\t<span id=\"woocommerce_loop_add_to_cart_link_describedby_14026\" class=\"screen-reader-text\">\n\t\t\t<\/span>\n<\/li>\n<li class=\"product type-product post-14029 status-publish instock product_cat-irritation-wt23 product_cat-fotografie product_tag-ilka-helmig has-post-thumbnail taxable shipping-taxable purchasable product-type-simple\">\n\t<a href=\"https:\/\/www.galerie-obrist.de\/en\/produkt\/ilka-helmig-faltung-3\/\" class=\"woocommerce-LoopProduct-link woocommerce-loop-product__link\"><img decoding=\"async\" width=\"240\" height=\"300\" data-src=\"https:\/\/www.galerie-obrist.de\/wordpress\/wp-content\/uploads\/2023\/11\/ilka_helmig_paper_sculpture_6901b-240x300.jpeg\" class=\"attachment-woocommerce_thumbnail size-woocommerce_thumbnail lazyload\" alt=\"Ilka Helmig: Faltung (3)\" data-sizes=\"100vw\" src=\"data:image\/svg+xml;base64,PHN2ZyB3aWR0aD0iMSIgaGVpZ2h0PSIxIiB4bWxucz0iaHR0cDovL3d3dy53My5vcmcvMjAwMC9zdmciPjwvc3ZnPg==\" style=\"--smush-placeholder-width: 240px; --smush-placeholder-aspect-ratio: 240\/300;\" \/><h2 class=\"woocommerce-loop-product__title\">Ilka Helmig: Faltung (3)<\/h2>\n\t<span class=\"price\"><span class=\"woocommerce-Price-amount amount\"><bdi>800,00&nbsp;<span class=\"woocommerce-Price-currencySymbol\">&euro;<\/span><\/bdi><\/span><\/span>\n<\/a><a href=\"https:\/\/www.galerie-obrist.de\/en\/produkt\/ilka-helmig-faltung-3\/\" class=\"button product_type_simple\">Details<\/a>\t<span id=\"woocommerce_loop_add_to_cart_link_describedby_14029\" class=\"screen-reader-text\">\n\t\t\t<\/span>\n<\/li>\n<li class=\"product type-product post-13061 status-publish last instock product_cat-art-salon-zurich-2023 product_cat-malerei product_cat-callforprice product_cat-collectors-lounge-2023 product_cat-irritation-wt23 product_cat-jansen2023 product_tag-callforprice product_tag-juergen-jansen has-post-thumbnail taxable shipping-taxable product-type-simple\">\n\t<a href=\"https:\/\/www.galerie-obrist.de\/en\/produkt\/juergen-jansen-cheetah\/\" class=\"woocommerce-LoopProduct-link woocommerce-loop-product__link\"><img decoding=\"async\" width=\"300\" height=\"300\" data-src=\"https:\/\/www.galerie-obrist.de\/wordpress\/wp-content\/uploads\/2023\/03\/6820-300x300.jpg\" class=\"attachment-woocommerce_thumbnail size-woocommerce_thumbnail lazyload\" alt=\"J\u00fcrgen Jansen: Cheetah\" data-srcset=\"https:\/\/www.galerie-obrist.de\/wordpress\/wp-content\/uploads\/2023\/03\/6820-300x300.jpg 300w, https:\/\/www.galerie-obrist.de\/wordpress\/wp-content\/uploads\/2023\/03\/6820-150x150.jpg 150w, https:\/\/www.galerie-obrist.de\/wordpress\/wp-content\/uploads\/2023\/03\/6820-100x100.jpg 100w\" data-sizes=\"100vw\" src=\"data:image\/svg+xml;base64,PHN2ZyB3aWR0aD0iMSIgaGVpZ2h0PSIxIiB4bWxucz0iaHR0cDovL3d3dy53My5vcmcvMjAwMC9zdmciPjwvc3ZnPg==\" style=\"--smush-placeholder-width: 300px; --smush-placeholder-aspect-ratio: 300\/300;\" \/><h2 class=\"woocommerce-loop-product__title\">J\u00fcrgen Jansen: Cheetah<\/h2>\n\t<span class=\"price\"><span class=\"woocommerce-Price-amount amount\"><bdi>5.400,00&nbsp;<span class=\"woocommerce-Price-currencySymbol\">&euro;<\/span><\/bdi><\/span><\/span>\n<\/a><a href=\"https:\/\/www.galerie-obrist.de\/en\/produkt\/juergen-jansen-cheetah\/\" class=\"button product_type_simple\">Details<\/a>\t<span id=\"woocommerce_loop_add_to_cart_link_describedby_13061\" class=\"screen-reader-text\">\n\t\t\t<\/span>\n<\/li>\n<\/ul>\n<nav class=\"woocommerce-pagination\" aria-label=\"Product Pagination\">\n\t<ul class='page-numbers'>\n\t<li><span aria-label=\"Page 1\" aria-current=\"page\" class=\"page-numbers current\">1<\/span><\/li>\n\t<li><a aria-label=\"Page 2\" class=\"page-numbers\" href=\"\/en\/wp-json\/wp\/v2\/posts\/13984?product-page=2\">2<\/a><\/li>\n\t<li><a class=\"next page-numbers\" href=\"\/en\/wp-json\/wp\/v2\/posts\/13984?product-page=2\">&rarr;<\/a><\/li>\n<\/ul>\n<\/nav>\n<\/div>\n","protected":false},"excerpt":{"rendered":"<p>ER\u00d6FFNUNG: FREITAG, 24. NOVEMBER, 19 UHRIm Rahmen von &#8220;WUNDERT\u00dcTE 2023 &#8211; Kunst in T\u00fcten&#8221; zeigen wir die Ausstellung I R R I T A T I O N mit Arbeiten von Eva Aurich &#8211; Marcela B\u00f6hm &#8211; Helge Emmaneel &#8211; Gilles Fromonteil &#8211; Ilka Helmig &#8211; Robin Horsch &#8211; J\u00fcrgen Jansen &#8211; J\u00fcrgen Paas &#8211; &hellip; <\/p>\n<p class=\"link-more\"><a href=\"https:\/\/www.galerie-obrist.de\/en\/irritation-ausstellung-zur-wundertuete-2023\/\" class=\"more-link\">Read more<span class=\"screen-reader-text\"> &#8220;IRRITATION &#8211; Ausstellung zur Wundert\u00fcte 2023&#8221;<\/span><\/a><\/p>\n","protected":false},"author":2,"featured_media":13896,"comment_status":"closed","ping_status":"open","sticky":false,"template":"","format":"standard","meta":{"ngg_post_thumbnail":0,"footnotes":""},"categories":[456],"tags":[],"class_list":["post-13984","post","type-post","status-publish","format-standard","has-post-thumbnail","hentry","category-allgemein-de"],"translation":{"provider":"WPGlobus","version":"3.0.2","language":"en","enabled_languages":["de","en"],"languages":{"de":{"title":true,"content":true,"excerpt":false},"en":{"title":false,"content":false,"excerpt":false}}},"_links":{"self":[{"href":"https:\/\/www.galerie-obrist.de\/en\/wp-json\/wp\/v2\/posts\/13984","targetHints":{"allow":["GET"]}}],"collection":[{"href":"https:\/\/www.galerie-obrist.de\/en\/wp-json\/wp\/v2\/posts"}],"about":[{"href":"https:\/\/www.galerie-obrist.de\/en\/wp-json\/wp\/v2\/types\/post"}],"author":[{"embeddable":true,"href":"https:\/\/www.galerie-obrist.de\/en\/wp-json\/wp\/v2\/users\/2"}],"replies":[{"embeddable":true,"href":"https:\/\/www.galerie-obrist.de\/en\/wp-json\/wp\/v2\/comments?post=13984"}],"version-history":[{"count":4,"href":"https:\/\/www.galerie-obrist.de\/en\/wp-json\/wp\/v2\/posts\/13984\/revisions"}],"predecessor-version":[{"id":14674,"href":"https:\/\/www.galerie-obrist.de\/en\/wp-json\/wp\/v2\/posts\/13984\/revisions\/14674"}],"wp:featuredmedia":[{"embeddable":true,"href":"https:\/\/www.galerie-obrist.de\/en\/wp-json\/wp\/v2\/media\/13896"}],"wp:attachment":[{"href":"https:\/\/www.galerie-obrist.de\/en\/wp-json\/wp\/v2\/media?parent=13984"}],"wp:term":[{"taxonomy":"category","embeddable":true,"href":"https:\/\/www.galerie-obrist.de\/en\/wp-json\/wp\/v2\/categories?post=13984"},{"taxonomy":"post_tag","embeddable":true,"href":"https:\/\/www.galerie-obrist.de\/en\/wp-json\/wp\/v2\/tags?post=13984"}],"curies":[{"name":"wp","href":"https:\/\/api.w.org\/{rel}","templated":true}]}}