{"id":13647,"date":"2023-09-27T15:00:57","date_gmt":"2023-09-27T13:00:57","guid":{"rendered":"https:\/\/www.galerie-obrist.de\/wordpress\/?p=13647"},"modified":"2023-10-11T15:49:20","modified_gmt":"2023-10-11T13:49:20","slug":"art-salon-zuerich-2023-artworks","status":"publish","type":"post","link":"https:\/\/www.galerie-obrist.de\/en\/art-salon-zuerich-2023-artworks\/","title":{"rendered":"ART SALON Z\u00dcRICH 2023 &#8211; Artworks"},"content":{"rendered":"<div class=\"woocommerce columns-4 \"><div class=\"woocommerce-notices-wrapper\"><\/div><p class=\"woocommerce-result-count\" role=\"alert\" aria-relevant=\"all\" >\n\tShowing 1&ndash;12 of 25 results<\/p>\n<form class=\"woocommerce-ordering\" method=\"get\">\n\t\t<select\n\t\tname=\"orderby\"\n\t\tclass=\"orderby\"\n\t\t\t\t\taria-label=\"Shop order\"\n\t\t\t>\n\t\t\t\t\t<option value=\"menu_order\"  selected='selected'>Default sorting<\/option>\n\t\t\t\t\t<option value=\"popularity\" >Sort by popularity<\/option>\n\t\t\t\t\t<option value=\"date\" >Sort by latest<\/option>\n\t\t\t\t\t<option value=\"price\" >Sort by price: low to high<\/option>\n\t\t\t\t\t<option value=\"price-desc\" >Sort by price: high to low<\/option>\n\t\t\t<\/select>\n\t<input type=\"hidden\" name=\"paged\" value=\"1\" \/>\n\t<\/form>\n<ul class=\"products columns-4\">\n<li class=\"product type-product post-12420 status-publish first instock product_cat-art-salon-zurich-2023 product_cat-augustin-marienfeld-bound product_cat-callforprice product_cat-plastik product_tag-callforprice product_tag-till-augustin has-post-thumbnail taxable shipping-taxable product-type-simple\">\n\t<a href=\"https:\/\/www.galerie-obrist.de\/en\/produkt\/till-augustin-lattrazione-delloro-iii\/\" class=\"woocommerce-LoopProduct-link woocommerce-loop-product__link\"><img decoding=\"async\" width=\"300\" height=\"300\" data-src=\"https:\/\/www.galerie-obrist.de\/wordpress\/wp-content\/uploads\/2022\/09\/6703-300x300.jpg\" class=\"attachment-woocommerce_thumbnail size-woocommerce_thumbnail lazyload\" alt=\"Till Augustin: L&#039;attrazione dell&#039;oro III\" data-srcset=\"https:\/\/www.galerie-obrist.de\/wordpress\/wp-content\/uploads\/2022\/09\/6703-300x300.jpg 300w, https:\/\/www.galerie-obrist.de\/wordpress\/wp-content\/uploads\/2022\/09\/6703-150x150.jpg 150w, https:\/\/www.galerie-obrist.de\/wordpress\/wp-content\/uploads\/2022\/09\/6703-100x100.jpg 100w\" data-sizes=\"100vw\" src=\"data:image\/svg+xml;base64,PHN2ZyB3aWR0aD0iMSIgaGVpZ2h0PSIxIiB4bWxucz0iaHR0cDovL3d3dy53My5vcmcvMjAwMC9zdmciPjwvc3ZnPg==\" style=\"--smush-placeholder-width: 300px; --smush-placeholder-aspect-ratio: 300\/300;\" \/><h2 class=\"woocommerce-loop-product__title\">Till Augustin: L&#8217;attrazione dell&#8217;oro III<\/h2>\n\t<span class=\"price\"><span class=\"woocommerce-Price-amount amount\"><bdi>15.800,00&nbsp;<span class=\"woocommerce-Price-currencySymbol\">&euro;<\/span><\/bdi><\/span><\/span>\n<\/a><a href=\"https:\/\/www.galerie-obrist.de\/en\/produkt\/till-augustin-lattrazione-delloro-iii\/\" class=\"button product_type_simple\">Details<\/a>\t<span id=\"woocommerce_loop_add_to_cart_link_describedby_12420\" class=\"screen-reader-text\">\n\t\t\t<\/span>\n<\/li>\n<li class=\"product type-product post-12689 status-publish instock product_cat-art-salon-zurich-2023 product_cat-artists product_cat-malerei product_cat-callforprice product_cat-luxembourg-art-week-2022 product_tag-callforprice product_tag-juergen-jansen has-post-thumbnail taxable shipping-taxable product-type-simple\">\n\t<a href=\"https:\/\/www.galerie-obrist.de\/en\/produkt\/juergen-jansen-last-leaf-2\/\" class=\"woocommerce-LoopProduct-link woocommerce-loop-product__link\"><img decoding=\"async\" width=\"300\" height=\"300\" data-src=\"https:\/\/www.galerie-obrist.de\/wordpress\/wp-content\/uploads\/2022\/11\/6734-300x300.jpg\" class=\"attachment-woocommerce_thumbnail size-woocommerce_thumbnail lazyload\" alt=\"J\u00fcrgen Jansen: Last Leaf II\" data-srcset=\"https:\/\/www.galerie-obrist.de\/wordpress\/wp-content\/uploads\/2022\/11\/6734-300x300.jpg 300w, https:\/\/www.galerie-obrist.de\/wordpress\/wp-content\/uploads\/2022\/11\/6734-150x150.jpg 150w, https:\/\/www.galerie-obrist.de\/wordpress\/wp-content\/uploads\/2022\/11\/6734-100x100.jpg 100w\" data-sizes=\"100vw\" src=\"data:image\/svg+xml;base64,PHN2ZyB3aWR0aD0iMSIgaGVpZ2h0PSIxIiB4bWxucz0iaHR0cDovL3d3dy53My5vcmcvMjAwMC9zdmciPjwvc3ZnPg==\" style=\"--smush-placeholder-width: 300px; --smush-placeholder-aspect-ratio: 300\/300;\" \/><h2 class=\"woocommerce-loop-product__title\">J\u00fcrgen Jansen: Last Leaf II<\/h2>\n\t<span class=\"price\"><span class=\"woocommerce-Price-amount amount\"><bdi>8.600,00&nbsp;<span class=\"woocommerce-Price-currencySymbol\">&euro;<\/span><\/bdi><\/span><\/span>\n<\/a><a href=\"https:\/\/www.galerie-obrist.de\/en\/produkt\/juergen-jansen-last-leaf-2\/\" class=\"button product_type_simple\">Details<\/a>\t<span id=\"woocommerce_loop_add_to_cart_link_describedby_12689\" class=\"screen-reader-text\">\n\t\t\t<\/span>\n<\/li>\n<li class=\"product type-product post-13034 status-publish instock product_cat-art-salon-zurich-2023 product_cat-malerei product_cat-callforprice product_cat-irritation-wt23 product_cat-jansen2023 product_tag-callforprice product_tag-juergen-jansen has-post-thumbnail taxable shipping-taxable product-type-simple\">\n\t<a href=\"https:\/\/www.galerie-obrist.de\/en\/produkt\/my-foolish-heart\/\" class=\"woocommerce-LoopProduct-link woocommerce-loop-product__link\"><img decoding=\"async\" width=\"300\" height=\"300\" data-src=\"https:\/\/www.galerie-obrist.de\/wordpress\/wp-content\/uploads\/2023\/03\/6809-300x300.jpg\" class=\"attachment-woocommerce_thumbnail size-woocommerce_thumbnail lazyload\" alt=\"J\u00fcrgen Jansen: My Foolish Heart\" data-srcset=\"https:\/\/www.galerie-obrist.de\/wordpress\/wp-content\/uploads\/2023\/03\/6809-300x300.jpg 300w, https:\/\/www.galerie-obrist.de\/wordpress\/wp-content\/uploads\/2023\/03\/6809-150x150.jpg 150w, https:\/\/www.galerie-obrist.de\/wordpress\/wp-content\/uploads\/2023\/03\/6809-100x100.jpg 100w\" data-sizes=\"100vw\" src=\"data:image\/svg+xml;base64,PHN2ZyB3aWR0aD0iMSIgaGVpZ2h0PSIxIiB4bWxucz0iaHR0cDovL3d3dy53My5vcmcvMjAwMC9zdmciPjwvc3ZnPg==\" style=\"--smush-placeholder-width: 300px; --smush-placeholder-aspect-ratio: 300\/300;\" \/><h2 class=\"woocommerce-loop-product__title\">J\u00fcrgen Jansen: My Foolish Heart<\/h2>\n\t<span class=\"price\"><span class=\"woocommerce-Price-amount amount\"><bdi>6.000,00&nbsp;<span class=\"woocommerce-Price-currencySymbol\">&euro;<\/span><\/bdi><\/span><\/span>\n<\/a><a href=\"https:\/\/www.galerie-obrist.de\/en\/produkt\/my-foolish-heart\/\" class=\"button product_type_simple\">Details<\/a>\t<span id=\"woocommerce_loop_add_to_cart_link_describedby_13034\" class=\"screen-reader-text\">\n\t\t\t<\/span>\n<\/li>\n<li class=\"product type-product post-13049 status-publish last instock product_cat-artkarlsruhe2023 product_cat-art-salon-zurich-2023 product_cat-malerei product_cat-callforprice product_cat-jansen2023 product_tag-callforprice product_tag-juergen-jansen has-post-thumbnail taxable shipping-taxable product-type-simple\">\n\t<a href=\"https:\/\/www.galerie-obrist.de\/en\/produkt\/juergen-jansen-spellbinder\/\" class=\"woocommerce-LoopProduct-link woocommerce-loop-product__link\"><img decoding=\"async\" width=\"300\" height=\"300\" data-src=\"https:\/\/www.galerie-obrist.de\/wordpress\/wp-content\/uploads\/2023\/03\/6814-300x300.jpg\" class=\"attachment-woocommerce_thumbnail size-woocommerce_thumbnail lazyload\" alt=\"J\u00fcrgen Jansen: Spellbinder\" data-srcset=\"https:\/\/www.galerie-obrist.de\/wordpress\/wp-content\/uploads\/2023\/03\/6814-300x300.jpg 300w, https:\/\/www.galerie-obrist.de\/wordpress\/wp-content\/uploads\/2023\/03\/6814-150x150.jpg 150w, https:\/\/www.galerie-obrist.de\/wordpress\/wp-content\/uploads\/2023\/03\/6814-100x100.jpg 100w\" data-sizes=\"100vw\" src=\"data:image\/svg+xml;base64,PHN2ZyB3aWR0aD0iMSIgaGVpZ2h0PSIxIiB4bWxucz0iaHR0cDovL3d3dy53My5vcmcvMjAwMC9zdmciPjwvc3ZnPg==\" style=\"--smush-placeholder-width: 300px; --smush-placeholder-aspect-ratio: 300\/300;\" \/><h2 class=\"woocommerce-loop-product__title\">J\u00fcrgen Jansen: Spellbinder<\/h2>\n\t<span class=\"price\"><span class=\"woocommerce-Price-amount amount\"><bdi>9.400,00&nbsp;<span class=\"woocommerce-Price-currencySymbol\">&euro;<\/span><\/bdi><\/span><\/span>\n<\/a><a href=\"https:\/\/www.galerie-obrist.de\/en\/produkt\/juergen-jansen-spellbinder\/\" class=\"button product_type_simple\">Details<\/a>\t<span id=\"woocommerce_loop_add_to_cart_link_describedby_13049\" class=\"screen-reader-text\">\n\t\t\t<\/span>\n<\/li>\n<li class=\"product type-product post-13061 status-publish first instock product_cat-art-salon-zurich-2023 product_cat-malerei product_cat-callforprice product_cat-collectors-lounge-2023 product_cat-irritation-wt23 product_cat-jansen2023 product_tag-callforprice product_tag-juergen-jansen has-post-thumbnail taxable shipping-taxable product-type-simple\">\n\t<a href=\"https:\/\/www.galerie-obrist.de\/en\/produkt\/juergen-jansen-cheetah\/\" class=\"woocommerce-LoopProduct-link woocommerce-loop-product__link\"><img decoding=\"async\" width=\"300\" height=\"300\" data-src=\"https:\/\/www.galerie-obrist.de\/wordpress\/wp-content\/uploads\/2023\/03\/6820-300x300.jpg\" class=\"attachment-woocommerce_thumbnail size-woocommerce_thumbnail lazyload\" alt=\"J\u00fcrgen Jansen: Cheetah\" data-srcset=\"https:\/\/www.galerie-obrist.de\/wordpress\/wp-content\/uploads\/2023\/03\/6820-300x300.jpg 300w, https:\/\/www.galerie-obrist.de\/wordpress\/wp-content\/uploads\/2023\/03\/6820-150x150.jpg 150w, https:\/\/www.galerie-obrist.de\/wordpress\/wp-content\/uploads\/2023\/03\/6820-100x100.jpg 100w\" data-sizes=\"100vw\" src=\"data:image\/svg+xml;base64,PHN2ZyB3aWR0aD0iMSIgaGVpZ2h0PSIxIiB4bWxucz0iaHR0cDovL3d3dy53My5vcmcvMjAwMC9zdmciPjwvc3ZnPg==\" style=\"--smush-placeholder-width: 300px; --smush-placeholder-aspect-ratio: 300\/300;\" \/><h2 class=\"woocommerce-loop-product__title\">J\u00fcrgen Jansen: Cheetah<\/h2>\n\t<span class=\"price\"><span class=\"woocommerce-Price-amount amount\"><bdi>5.400,00&nbsp;<span class=\"woocommerce-Price-currencySymbol\">&euro;<\/span><\/bdi><\/span><\/span>\n<\/a><a href=\"https:\/\/www.galerie-obrist.de\/en\/produkt\/juergen-jansen-cheetah\/\" class=\"button product_type_simple\">Details<\/a>\t<span id=\"woocommerce_loop_add_to_cart_link_describedby_13061\" class=\"screen-reader-text\">\n\t\t\t<\/span>\n<\/li>\n<li class=\"product type-product post-13276 status-publish outofstock product_cat-artkarlsruhe2024 product_cat-art-salon-zurich-2023 product_cat-malerei product_cat-callforprice product_cat-collectors-lounge-2023 product_cat-luxembourg-art-week-2023 product_tag-callforprice product_tag-dirk-salz has-post-thumbnail product-type-simple\">\n\t<a href=\"https:\/\/www.galerie-obrist.de\/en\/produkt\/dirk-salz-ot-2883\/\" class=\"woocommerce-LoopProduct-link woocommerce-loop-product__link\"><img decoding=\"async\" width=\"300\" height=\"300\" data-src=\"https:\/\/www.galerie-obrist.de\/wordpress\/wp-content\/uploads\/2023\/04\/6909-300x300.jpg\" class=\"attachment-woocommerce_thumbnail size-woocommerce_thumbnail lazyload\" alt=\"Dirk Salz: Ohne Titel #2883 \ud83d\udd35\" data-srcset=\"https:\/\/www.galerie-obrist.de\/wordpress\/wp-content\/uploads\/2023\/04\/6909-300x300.jpg 300w, https:\/\/www.galerie-obrist.de\/wordpress\/wp-content\/uploads\/2023\/04\/6909-150x150.jpg 150w, https:\/\/www.galerie-obrist.de\/wordpress\/wp-content\/uploads\/2023\/04\/6909-100x100.jpg 100w, https:\/\/www.galerie-obrist.de\/wordpress\/wp-content\/uploads\/2023\/04\/6909-800x800.jpg 800w\" data-sizes=\"100vw\" src=\"data:image\/svg+xml;base64,PHN2ZyB3aWR0aD0iMSIgaGVpZ2h0PSIxIiB4bWxucz0iaHR0cDovL3d3dy53My5vcmcvMjAwMC9zdmciPjwvc3ZnPg==\" style=\"--smush-placeholder-width: 300px; --smush-placeholder-aspect-ratio: 300\/300;\" \/>\t<span class=\"wcosm_soldout\">NICHT MEHR VERF\u00dcGBAR!<\/span>\t<style> .woocommerce .product span.wcosm_soldout{background-color: #56c997; color:#fdfdfd; position: absolute;z-index: 999;padding: 5px 10px;border-radius:2px; right: -5px;top: -5px;width:fit-content; }<\/style>\r\n\t<h2 class=\"woocommerce-loop-product__title\">Dirk Salz: Ohne Titel #2883 \ud83d\udd35<\/h2>\n\t<span class=\"price\"><span class=\"woocommerce-Price-amount amount\"><bdi>9.100,00&nbsp;<span class=\"woocommerce-Price-currencySymbol\">&euro;<\/span><\/bdi><\/span><\/span>\n<\/a><a href=\"https:\/\/www.galerie-obrist.de\/en\/produkt\/dirk-salz-ot-2883\/\" class=\"button product_type_simple\">Details<\/a>\t<span id=\"woocommerce_loop_add_to_cart_link_describedby_13276\" class=\"screen-reader-text\">\n\t\t\t<\/span>\n<\/li>\n<li class=\"product type-product post-13325 status-publish instock product_cat-artkarlsruhe2024 product_cat-art-salon-zurich-2023 product_cat-malerei product_cat-callforprice product_cat-irritation-wt23 product_cat-paas2023 product_tag-callforprice product_tag-juergen-paas has-post-thumbnail taxable shipping-taxable product-type-simple\">\n\t<a href=\"https:\/\/www.galerie-obrist.de\/en\/produkt\/juergen-paas-jukebox-007\/\" class=\"woocommerce-LoopProduct-link woocommerce-loop-product__link\"><img decoding=\"async\" width=\"300\" height=\"300\" data-src=\"https:\/\/www.galerie-obrist.de\/wordpress\/wp-content\/uploads\/2023\/04\/6885-300x300.jpg\" class=\"attachment-woocommerce_thumbnail size-woocommerce_thumbnail lazyload\" alt=\"J\u00fcrgen Paas: JUKEBOX (007)\" data-srcset=\"https:\/\/www.galerie-obrist.de\/wordpress\/wp-content\/uploads\/2023\/04\/6885-300x300.jpg 300w, https:\/\/www.galerie-obrist.de\/wordpress\/wp-content\/uploads\/2023\/04\/6885-150x150.jpg 150w, https:\/\/www.galerie-obrist.de\/wordpress\/wp-content\/uploads\/2023\/04\/6885-100x100.jpg 100w\" data-sizes=\"100vw\" src=\"data:image\/svg+xml;base64,PHN2ZyB3aWR0aD0iMSIgaGVpZ2h0PSIxIiB4bWxucz0iaHR0cDovL3d3dy53My5vcmcvMjAwMC9zdmciPjwvc3ZnPg==\" style=\"--smush-placeholder-width: 300px; --smush-placeholder-aspect-ratio: 300\/300;\" \/><h2 class=\"woocommerce-loop-product__title\">J\u00fcrgen Paas: JUKEBOX (007)<\/h2>\n\t<span class=\"price\"><span class=\"woocommerce-Price-amount amount\"><bdi>14.500,00&nbsp;<span class=\"woocommerce-Price-currencySymbol\">&euro;<\/span><\/bdi><\/span><\/span>\n<\/a><a href=\"https:\/\/www.galerie-obrist.de\/en\/produkt\/juergen-paas-jukebox-007\/\" class=\"button product_type_simple\">Details<\/a>\t<span id=\"woocommerce_loop_add_to_cart_link_describedby_13325\" class=\"screen-reader-text\">\n\t\t\t<\/span>\n<\/li>\n<li class=\"product type-product post-13328 status-publish last instock product_cat-artkarlsruhe2023 product_cat-art-salon-zurich-2023 product_cat-malerei product_cat-callforprice product_cat-paas2023 product_tag-callforprice product_tag-juergen-paas has-post-thumbnail taxable shipping-taxable product-type-simple\">\n\t<a href=\"https:\/\/www.galerie-obrist.de\/en\/produkt\/juergen-paas-jukebox-018\/\" class=\"woocommerce-LoopProduct-link woocommerce-loop-product__link\"><img decoding=\"async\" width=\"300\" height=\"300\" data-src=\"https:\/\/www.galerie-obrist.de\/wordpress\/wp-content\/uploads\/2023\/04\/6886-300x300.jpg\" class=\"attachment-woocommerce_thumbnail size-woocommerce_thumbnail lazyload\" alt=\"J\u00fcrgen Paas: JUKEBOX (018)\" data-srcset=\"https:\/\/www.galerie-obrist.de\/wordpress\/wp-content\/uploads\/2023\/04\/6886-300x300.jpg 300w, https:\/\/www.galerie-obrist.de\/wordpress\/wp-content\/uploads\/2023\/04\/6886-150x150.jpg 150w, https:\/\/www.galerie-obrist.de\/wordpress\/wp-content\/uploads\/2023\/04\/6886-100x100.jpg 100w\" data-sizes=\"100vw\" src=\"data:image\/svg+xml;base64,PHN2ZyB3aWR0aD0iMSIgaGVpZ2h0PSIxIiB4bWxucz0iaHR0cDovL3d3dy53My5vcmcvMjAwMC9zdmciPjwvc3ZnPg==\" style=\"--smush-placeholder-width: 300px; --smush-placeholder-aspect-ratio: 300\/300;\" \/><h2 class=\"woocommerce-loop-product__title\">J\u00fcrgen Paas: JUKEBOX (018)<\/h2>\n\t<span class=\"price\"><span class=\"woocommerce-Price-amount amount\"><bdi>8.500,00&nbsp;<span class=\"woocommerce-Price-currencySymbol\">&euro;<\/span><\/bdi><\/span><\/span>\n<\/a><a href=\"https:\/\/www.galerie-obrist.de\/en\/produkt\/juergen-paas-jukebox-018\/\" class=\"button product_type_simple\">Details<\/a>\t<span id=\"woocommerce_loop_add_to_cart_link_describedby_13328\" class=\"screen-reader-text\">\n\t\t\t<\/span>\n<\/li>\n<li class=\"product type-product post-13606 status-publish first instock product_cat-art-salon-zurich-2023 product_cat-artists product_cat-augustin-marienfeld-bound product_cat-callforprice product_cat-luxembourg-art-week-2023 product_cat-plastik product_tag-callforprice product_tag-till-augustin has-post-thumbnail taxable shipping-taxable product-type-simple\">\n\t<a href=\"https:\/\/www.galerie-obrist.de\/en\/produkt\/till-augustin-barocco\/\" class=\"woocommerce-LoopProduct-link woocommerce-loop-product__link\"><img decoding=\"async\" width=\"300\" height=\"300\" data-src=\"https:\/\/www.galerie-obrist.de\/wordpress\/wp-content\/uploads\/2023\/09\/6913-300x300.jpg\" class=\"attachment-woocommerce_thumbnail size-woocommerce_thumbnail lazyload\" alt=\"Till Augustin: Barocco\" data-srcset=\"https:\/\/www.galerie-obrist.de\/wordpress\/wp-content\/uploads\/2023\/09\/6913-300x300.jpg 300w, https:\/\/www.galerie-obrist.de\/wordpress\/wp-content\/uploads\/2023\/09\/6913-150x150.jpg 150w, https:\/\/www.galerie-obrist.de\/wordpress\/wp-content\/uploads\/2023\/09\/6913-100x100.jpg 100w, https:\/\/www.galerie-obrist.de\/wordpress\/wp-content\/uploads\/2023\/09\/6913-800x800.jpg 800w\" data-sizes=\"100vw\" src=\"data:image\/svg+xml;base64,PHN2ZyB3aWR0aD0iMSIgaGVpZ2h0PSIxIiB4bWxucz0iaHR0cDovL3d3dy53My5vcmcvMjAwMC9zdmciPjwvc3ZnPg==\" style=\"--smush-placeholder-width: 300px; --smush-placeholder-aspect-ratio: 300\/300;\" \/><h2 class=\"woocommerce-loop-product__title\">Till Augustin: Barocco<\/h2>\n\t<span class=\"price\"><span class=\"woocommerce-Price-amount amount\"><bdi>24.500,00&nbsp;<span class=\"woocommerce-Price-currencySymbol\">&euro;<\/span><\/bdi><\/span><\/span>\n<\/a><a href=\"https:\/\/www.galerie-obrist.de\/en\/produkt\/till-augustin-barocco\/\" class=\"button product_type_simple\">Details<\/a>\t<span id=\"woocommerce_loop_add_to_cart_link_describedby_13606\" class=\"screen-reader-text\">\n\t\t\t<\/span>\n<\/li>\n<li class=\"product type-product post-13621 status-publish instock product_cat-art-salon-zurich-2023 product_cat-artists product_cat-augustin-marienfeld-bound product_cat-callforprice product_cat-luxembourg-art-week-2023 product_cat-plastik product_tag-callforprice product_tag-stephan-marienfeld has-post-thumbnail taxable shipping-taxable product-type-simple\">\n\t<a href=\"https:\/\/www.galerie-obrist.de\/en\/produkt\/stephan-marienfeld-bondage-weiss\/\" class=\"woocommerce-LoopProduct-link woocommerce-loop-product__link\"><img decoding=\"async\" width=\"300\" height=\"300\" data-src=\"https:\/\/www.galerie-obrist.de\/wordpress\/wp-content\/uploads\/2023\/09\/6926-300x300.jpg\" class=\"attachment-woocommerce_thumbnail size-woocommerce_thumbnail lazyload\" alt=\"Stephan Marienfeld: BONDAGE\" data-srcset=\"https:\/\/www.galerie-obrist.de\/wordpress\/wp-content\/uploads\/2023\/09\/6926-300x300.jpg 300w, https:\/\/www.galerie-obrist.de\/wordpress\/wp-content\/uploads\/2023\/09\/6926-150x150.jpg 150w, https:\/\/www.galerie-obrist.de\/wordpress\/wp-content\/uploads\/2023\/09\/6926-100x100.jpg 100w, https:\/\/www.galerie-obrist.de\/wordpress\/wp-content\/uploads\/2023\/09\/6926-800x800.jpg 800w\" data-sizes=\"100vw\" src=\"data:image\/svg+xml;base64,PHN2ZyB3aWR0aD0iMSIgaGVpZ2h0PSIxIiB4bWxucz0iaHR0cDovL3d3dy53My5vcmcvMjAwMC9zdmciPjwvc3ZnPg==\" style=\"--smush-placeholder-width: 300px; --smush-placeholder-aspect-ratio: 300\/300;\" \/><h2 class=\"woocommerce-loop-product__title\">Stephan Marienfeld: BONDAGE<\/h2>\n\t<span class=\"price\"><span class=\"woocommerce-Price-amount amount\"><bdi>12.000,00&nbsp;<span class=\"woocommerce-Price-currencySymbol\">&euro;<\/span><\/bdi><\/span><\/span>\n<\/a><a href=\"https:\/\/www.galerie-obrist.de\/en\/produkt\/stephan-marienfeld-bondage-weiss\/\" class=\"button product_type_simple\">Details<\/a>\t<span id=\"woocommerce_loop_add_to_cart_link_describedby_13621\" class=\"screen-reader-text\">\n\t\t\t<\/span>\n<\/li>\n<li class=\"product type-product post-13634 status-publish instock product_cat-art-salon-zurich-2023 product_cat-augustin-marienfeld-bound product_cat-luxembourg-art-week-2023 product_cat-plastik product_tag-cfp product_tag-stephan-marienfeld has-post-thumbnail taxable shipping-taxable purchasable product-type-simple\">\n\t<a href=\"https:\/\/www.galerie-obrist.de\/en\/produkt\/stephan-marienfeld-vertical-bondage\/\" class=\"woocommerce-LoopProduct-link woocommerce-loop-product__link\"><img decoding=\"async\" width=\"300\" height=\"300\" data-src=\"https:\/\/www.galerie-obrist.de\/wordpress\/wp-content\/uploads\/2023\/09\/6930-300x300.jpg\" class=\"attachment-woocommerce_thumbnail size-woocommerce_thumbnail lazyload\" alt=\"Stephan Marienfeld: vertical BONDAGE\" data-srcset=\"https:\/\/www.galerie-obrist.de\/wordpress\/wp-content\/uploads\/2023\/09\/6930-300x300.jpg 300w, https:\/\/www.galerie-obrist.de\/wordpress\/wp-content\/uploads\/2023\/09\/6930-150x150.jpg 150w, https:\/\/www.galerie-obrist.de\/wordpress\/wp-content\/uploads\/2023\/09\/6930-100x100.jpg 100w, https:\/\/www.galerie-obrist.de\/wordpress\/wp-content\/uploads\/2023\/09\/6930-800x800.jpg 800w\" data-sizes=\"100vw\" src=\"data:image\/svg+xml;base64,PHN2ZyB3aWR0aD0iMSIgaGVpZ2h0PSIxIiB4bWxucz0iaHR0cDovL3d3dy53My5vcmcvMjAwMC9zdmciPjwvc3ZnPg==\" style=\"--smush-placeholder-width: 300px; --smush-placeholder-aspect-ratio: 300\/300;\" \/><h2 class=\"woocommerce-loop-product__title\">Stephan Marienfeld: vertical BONDAGE<\/h2>\n\t<span class=\"price\"><span class=\"woocommerce-Price-amount amount\"><bdi>24.000,00&nbsp;<span class=\"woocommerce-Price-currencySymbol\">&euro;<\/span><\/bdi><\/span><\/span>\n<\/a><a href=\"https:\/\/www.galerie-obrist.de\/en\/produkt\/stephan-marienfeld-vertical-bondage\/\" class=\"button product_type_simple\">Details<\/a>\t<span id=\"woocommerce_loop_add_to_cart_link_describedby_13634\" class=\"screen-reader-text\">\n\t\t\t<\/span>\n<\/li>\n<li class=\"product type-product post-13640 status-publish last instock product_cat-art-salon-zurich-2023 product_cat-augustin-marienfeld-bound product_cat-luxembourg-art-week-2023 product_cat-plastik product_tag-cfp product_tag-stephan-marienfeld has-post-thumbnail taxable shipping-taxable purchasable product-type-simple\">\n\t<a href=\"https:\/\/www.galerie-obrist.de\/en\/produkt\/stephan-marienfeld-bondage-cube\/\" class=\"woocommerce-LoopProduct-link woocommerce-loop-product__link\"><img decoding=\"async\" width=\"300\" height=\"300\" data-src=\"https:\/\/www.galerie-obrist.de\/wordpress\/wp-content\/uploads\/2023\/09\/6933-300x300.jpg\" class=\"attachment-woocommerce_thumbnail size-woocommerce_thumbnail lazyload\" alt=\"Stephan Marienfeld: BONDAGE CUBE\" data-srcset=\"https:\/\/www.galerie-obrist.de\/wordpress\/wp-content\/uploads\/2023\/09\/6933-300x300.jpg 300w, https:\/\/www.galerie-obrist.de\/wordpress\/wp-content\/uploads\/2023\/09\/6933-150x150.jpg 150w, https:\/\/www.galerie-obrist.de\/wordpress\/wp-content\/uploads\/2023\/09\/6933-100x100.jpg 100w, https:\/\/www.galerie-obrist.de\/wordpress\/wp-content\/uploads\/2023\/09\/6933-800x800.jpg 800w\" data-sizes=\"100vw\" src=\"data:image\/svg+xml;base64,PHN2ZyB3aWR0aD0iMSIgaGVpZ2h0PSIxIiB4bWxucz0iaHR0cDovL3d3dy53My5vcmcvMjAwMC9zdmciPjwvc3ZnPg==\" style=\"--smush-placeholder-width: 300px; --smush-placeholder-aspect-ratio: 300\/300;\" \/><h2 class=\"woocommerce-loop-product__title\">Stephan Marienfeld: BONDAGE CUBE<\/h2>\n\t<span class=\"price\"><span class=\"woocommerce-Price-amount amount\"><bdi>26.000,00&nbsp;<span class=\"woocommerce-Price-currencySymbol\">&euro;<\/span><\/bdi><\/span><\/span>\n<\/a><a href=\"https:\/\/www.galerie-obrist.de\/en\/produkt\/stephan-marienfeld-bondage-cube\/\" class=\"button product_type_simple\">Details<\/a>\t<span id=\"woocommerce_loop_add_to_cart_link_describedby_13640\" class=\"screen-reader-text\">\n\t\t\t<\/span>\n<\/li>\n<\/ul>\n<nav class=\"woocommerce-pagination\" aria-label=\"Product Pagination\">\n\t<ul class='page-numbers'>\n\t<li><span aria-label=\"Page 1\" aria-current=\"page\" class=\"page-numbers current\">1<\/span><\/li>\n\t<li><a aria-label=\"Page 2\" class=\"page-numbers\" href=\"\/en\/wp-json\/wp\/v2\/posts\/13647?product-page=2\">2<\/a><\/li>\n\t<li><a aria-label=\"Page 3\" class=\"page-numbers\" href=\"\/en\/wp-json\/wp\/v2\/posts\/13647?product-page=3\">3<\/a><\/li>\n\t<li><a class=\"next page-numbers\" href=\"\/en\/wp-json\/wp\/v2\/posts\/13647?product-page=2\">&rarr;<\/a><\/li>\n<\/ul>\n<\/nav>\n<\/div>\n<p><P>Galerie Obrist at<br \/>\nArt Salon Z\u00fcrich<br \/>\n09\/28\/-10\/01\/23<br \/>\nPreview 28 September (by invitation only)<br \/>\nTHU \/ FRI \/ SAT 12-20h, SUN 12-18h<br \/>\nLocation: Werkstadt-Z\u00fcrich, Halle D S\u00fcd<br \/>\nHohlstrasse 402, CH-8048 Z\u00fcrich<\/p>\n","protected":false},"excerpt":{"rendered":"<p>Galerie Obrist at Art Salon Z\u00fcrich 09\/28\/-10\/01\/23 Preview 28 September (by invitation only) THU \/ FRI \/ SAT 12-20h, SUN 12-18h Location: Werkstadt-Z\u00fcrich, Halle D S\u00fcd Hohlstrasse 402, CH-8048 Z\u00fcrich<\/p>\n","protected":false},"author":2,"featured_media":13641,"comment_status":"closed","ping_status":"open","sticky":false,"template":"","format":"standard","meta":{"ngg_post_thumbnail":0,"footnotes":""},"categories":[456,574],"tags":[],"class_list":["post-13647","post","type-post","status-publish","format-standard","has-post-thumbnail","hentry","category-allgemein-de","category-art-salon-zuerich"],"translation":{"provider":"WPGlobus","version":"3.0.2","language":"en","enabled_languages":["de","en"],"languages":{"de":{"title":true,"content":true,"excerpt":false},"en":{"title":true,"content":true,"excerpt":false}}},"_links":{"self":[{"href":"https:\/\/www.galerie-obrist.de\/en\/wp-json\/wp\/v2\/posts\/13647","targetHints":{"allow":["GET"]}}],"collection":[{"href":"https:\/\/www.galerie-obrist.de\/en\/wp-json\/wp\/v2\/posts"}],"about":[{"href":"https:\/\/www.galerie-obrist.de\/en\/wp-json\/wp\/v2\/types\/post"}],"author":[{"embeddable":true,"href":"https:\/\/www.galerie-obrist.de\/en\/wp-json\/wp\/v2\/users\/2"}],"replies":[{"embeddable":true,"href":"https:\/\/www.galerie-obrist.de\/en\/wp-json\/wp\/v2\/comments?post=13647"}],"version-history":[{"count":6,"href":"https:\/\/www.galerie-obrist.de\/en\/wp-json\/wp\/v2\/posts\/13647\/revisions"}],"predecessor-version":[{"id":13704,"href":"https:\/\/www.galerie-obrist.de\/en\/wp-json\/wp\/v2\/posts\/13647\/revisions\/13704"}],"wp:featuredmedia":[{"embeddable":true,"href":"https:\/\/www.galerie-obrist.de\/en\/wp-json\/wp\/v2\/media\/13641"}],"wp:attachment":[{"href":"https:\/\/www.galerie-obrist.de\/en\/wp-json\/wp\/v2\/media?parent=13647"}],"wp:term":[{"taxonomy":"category","embeddable":true,"href":"https:\/\/www.galerie-obrist.de\/en\/wp-json\/wp\/v2\/categories?post=13647"},{"taxonomy":"post_tag","embeddable":true,"href":"https:\/\/www.galerie-obrist.de\/en\/wp-json\/wp\/v2\/tags?post=13647"}],"curies":[{"name":"wp","href":"https:\/\/api.w.org\/{rel}","templated":true}]}}