{"id":1225,"date":"2010-05-28T14:50:29","date_gmt":"2010-05-28T12:50:29","guid":{"rendered":"http:\/\/www.obrist-gingold.com\/?p=569"},"modified":"2013-08-30T18:05:47","modified_gmt":"2013-08-30T16:05:47","slug":"heute-ausstellungseroffnung-peter-schlor-today-opening-reception-peter-schlor","status":"publish","type":"post","link":"https:\/\/www.galerie-obrist.de\/en\/heute-ausstellungseroffnung-peter-schlor-today-opening-reception-peter-schlor\/","title":{"rendered":"Heute Ausstellungser\u00f6ffnung Peter Schl\u00f6r | Today Opening Reception Peter Schl\u00f6r"},"content":{"rendered":"<p><a href=\"http:\/\/blog.gam-essen.de\/wp-content\/uploads\/2010\/05\/schlor-aussen1.jpg\"><img decoding=\"async\" class=\"alignnone size-medium wp-image-571 lazyload\" title=\"Schl\u00f6r-aussen\" data-src=\"\/wordpress\/wp-content\/uploads\/2010\/05\/Schl\u00f6r-aussen1-300x225.jpg\" alt=\"Schl\u00f6r-aussen\" width=\"300\" height=\"225\" src=\"data:image\/svg+xml;base64,PHN2ZyB3aWR0aD0iMSIgaGVpZ2h0PSIxIiB4bWxucz0iaHR0cDovL3d3dy53My5vcmcvMjAwMC9zdmciPjwvc3ZnPg==\" style=\"--smush-placeholder-width: 300px; --smush-placeholder-aspect-ratio: 300\/225;\" \/><\/a><\/p>\n<p><span lang=\"de\"> Heute abend ab 19 Uhr findet die Ausstellungser\u00f6ffnung &#8220;Peter Schl\u00f6r: Deep Black \/ Bright White&#8221; statt. Der K\u00fcnstler ist anwesend. Zur Ausstellung erscheint eine neue Fotoedition mit dem Titel &#8220;Herrenwiese&#8221;, Auflage 12+3, gerahmt im Format 53 x 68 cm, zum Preis von 480 EURO:<\/span><\/p>\n<p><span lang=\"en-us\">Tonight 7pm is the Opening Reception of &#8220;Peter Schl\u00f6r: Deep Black \/ Bright White&#8221;. The artist will be present. On occasion of the exhibition we publish a new photo edition, titled &#8220;Herrenwiese&#8221; in an edition of 12+3, framed 53 x 68 cm, at a price of 480 EURO:<\/span><br \/>\n<a href=\"http:\/\/blog.gam-essen.de\/wp-content\/uploads\/2010\/05\/3574.jpg\"><img decoding=\"async\" class=\"alignnone size-medium wp-image-574 lazyload\" title=\"3574\" data-src=\"\/wordpress\/wp-content\/uploads\/2010\/05\/3574-300x233.jpg\" alt=\"3574\" width=\"300\" height=\"233\" src=\"data:image\/svg+xml;base64,PHN2ZyB3aWR0aD0iMSIgaGVpZ2h0PSIxIiB4bWxucz0iaHR0cDovL3d3dy53My5vcmcvMjAwMC9zdmciPjwvc3ZnPg==\" style=\"--smush-placeholder-width: 300px; --smush-placeholder-aspect-ratio: 300\/233;\" \/><\/a><br \/>\n<span lang=\"de\"><a href=\"?page_id=534&amp;lang=de\">Mehr zu Peter Schl\u00f6r<\/a><\/span><br \/>\n<span lang=\"en-us\"><a href=\"?page_id=534&amp;lang=en-us\">More about Peter Schl\u00f6r<\/a><\/span><br \/>\n<span lang=\"de\">29.05.-03.07.2010 &#8211; Peter Schl\u00f6r: Deep Black \/ Bright White. Fotoarbeiten.<\/span><br \/>\n<span lang=\"en-us\">29 May &#8211; 3 July, 2010 &#8211; Peter Schl\u00f6r: Deep Black \/ Bright White. Photoworks.<\/span><\/p>\n","protected":false},"excerpt":{"rendered":"<p>Heute abend ab 19 Uhr findet die Ausstellungser\u00f6ffnung &#8220;Peter Schl\u00f6r: Deep Black \/ Bright White&#8221; statt. Der K\u00fcnstler ist anwesend. Zur Ausstellung erscheint eine neue Fotoedition mit dem Titel &#8220;Herrenwiese&#8221;, Auflage 12+3, gerahmt im Format 53 x 68 cm, zum Preis von 480 EURO: Tonight 7pm is the Opening Reception of &#8220;Peter Schl\u00f6r: Deep Black &hellip; <\/p>\n<p class=\"link-more\"><a href=\"https:\/\/www.galerie-obrist.de\/en\/heute-ausstellungseroffnung-peter-schlor-today-opening-reception-peter-schlor\/\" class=\"more-link\">Read more<span class=\"screen-reader-text\"> &#8220;Heute Ausstellungser\u00f6ffnung Peter Schl\u00f6r | Today Opening Reception Peter Schl\u00f6r&#8221;<\/span><\/a><\/p>\n","protected":false},"author":2,"featured_media":0,"comment_status":"open","ping_status":"open","sticky":false,"template":"","format":"standard","meta":{"ngg_post_thumbnail":0,"footnotes":""},"categories":[169],"tags":[50,134,7,64],"class_list":["post-1225","post","type-post","status-publish","format-standard","hentry","category-2010-05peter-schloer","tag-ausstellungseroffnung","tag-edition","tag-fotografie","tag-peter-schloer"],"translation":{"provider":"WPGlobus","version":"3.0.2","language":"en","enabled_languages":["de","en"],"languages":{"de":{"title":true,"content":true,"excerpt":false},"en":{"title":false,"content":false,"excerpt":false}}},"_links":{"self":[{"href":"https:\/\/www.galerie-obrist.de\/en\/wp-json\/wp\/v2\/posts\/1225","targetHints":{"allow":["GET"]}}],"collection":[{"href":"https:\/\/www.galerie-obrist.de\/en\/wp-json\/wp\/v2\/posts"}],"about":[{"href":"https:\/\/www.galerie-obrist.de\/en\/wp-json\/wp\/v2\/types\/post"}],"author":[{"embeddable":true,"href":"https:\/\/www.galerie-obrist.de\/en\/wp-json\/wp\/v2\/users\/2"}],"replies":[{"embeddable":true,"href":"https:\/\/www.galerie-obrist.de\/en\/wp-json\/wp\/v2\/comments?post=1225"}],"version-history":[{"count":4,"href":"https:\/\/www.galerie-obrist.de\/en\/wp-json\/wp\/v2\/posts\/1225\/revisions"}],"predecessor-version":[{"id":3442,"href":"https:\/\/www.galerie-obrist.de\/en\/wp-json\/wp\/v2\/posts\/1225\/revisions\/3442"}],"wp:attachment":[{"href":"https:\/\/www.galerie-obrist.de\/en\/wp-json\/wp\/v2\/media?parent=1225"}],"wp:term":[{"taxonomy":"category","embeddable":true,"href":"https:\/\/www.galerie-obrist.de\/en\/wp-json\/wp\/v2\/categories?post=1225"},{"taxonomy":"post_tag","embeddable":true,"href":"https:\/\/www.galerie-obrist.de\/en\/wp-json\/wp\/v2\/tags?post=1225"}],"curies":[{"name":"wp","href":"https:\/\/api.w.org\/{rel}","templated":true}]}}