{"id":1219,"date":"2010-04-16T10:33:00","date_gmt":"2010-04-16T08:33:00","guid":{"rendered":"http:\/\/www.obrist-gingold.com\/?p=551"},"modified":"2013-08-30T18:07:31","modified_gmt":"2013-08-30T16:07:31","slug":"peter-schlor-ab-ende-mai-peter-schlor-at-the-end-of-may","status":"publish","type":"post","link":"https:\/\/www.galerie-obrist.de\/en\/peter-schlor-ab-ende-mai-peter-schlor-at-the-end-of-may\/","title":{"rendered":"Peter Schl\u00f6r ab Ende Mai | Peter Schl\u00f6r at the end of May"},"content":{"rendered":"<p><a href=\"http:\/\/blog.gam-essen.de\/wp-content\/uploads\/2010\/04\/schl10www.jpg\"><img decoding=\"async\" data-src=\"\/wordpress\/wp-content\/uploads\/2010\/04\/schl10www-300x215.jpg\" alt=\"schl10www\" title=\"schl10www\" width=\"300\" height=\"215\" class=\"alignnone size-medium wp-image-547 lazyload\" src=\"data:image\/svg+xml;base64,PHN2ZyB3aWR0aD0iMSIgaGVpZ2h0PSIxIiB4bWxucz0iaHR0cDovL3d3dy53My5vcmcvMjAwMC9zdmciPjwvc3ZnPg==\" style=\"--smush-placeholder-width: 300px; --smush-placeholder-aspect-ratio: 300\/215;\" \/><\/a><br \/>\n<span lang=\"de\">Vom 29. Mai bis 3. Juli zeigt die Galerie unter dem Titel &#8220;Deep Black \/ Bright White&#8221; neue Arbeiten von Peter Schl\u00f6r.<\/span><br \/>\n<span lang=\"en-us\">29 Mai until 3 July the gallery presents an exhibition titled &#8220;Deep Black \/ Bright White&#8221; with new works of Peter Schl\u00f6r.<\/span><br \/>\n<span lang=\"de\"><a href=\"?page_id=534&#038;lang=de\">Mehr zu Peter Schl\u00f6r<\/a><\/span><br \/>\n<span lang=\"en-us\"><a href=\"?page_id=534&#038;lang=en-us\">More about Peter Schl\u00f6r<\/a><\/span><br \/>\n<span lang=\"de\">29.05.-03.07.2010 &#8211; Peter Schl\u00f6r: Deep Black \/ Bright White. Fotoarbeiten.<\/span><br \/>\n<span lang=\"en-us\">29 May &#8211; 3 July, 2010 &#8211; Peter Schl\u00f6r: Deep Black \/ Bright White. Photoworks.<\/span><\/p>\n","protected":false},"excerpt":{"rendered":"<p>Vom 29. Mai bis 3. Juli zeigt die Galerie unter dem Titel &#8220;Deep Black \/ Bright White&#8221; neue Arbeiten von Peter Schl\u00f6r. 29 Mai until 3 July the gallery presents an exhibition titled &#8220;Deep Black \/ Bright White&#8221; with new works of Peter Schl\u00f6r. Mehr zu Peter Schl\u00f6r More about Peter Schl\u00f6r 29.05.-03.07.2010 &#8211; Peter &hellip; <\/p>\n<p class=\"link-more\"><a href=\"https:\/\/www.galerie-obrist.de\/en\/peter-schlor-ab-ende-mai-peter-schlor-at-the-end-of-may\/\" class=\"more-link\">Read more<span class=\"screen-reader-text\"> &#8220;Peter Schl\u00f6r ab Ende Mai | Peter Schl\u00f6r at the end of May&#8221;<\/span><\/a><\/p>\n","protected":false},"author":2,"featured_media":0,"comment_status":"open","ping_status":"open","sticky":false,"template":"","format":"standard","meta":{"ngg_post_thumbnail":0,"footnotes":""},"categories":[169],"tags":[7,64],"class_list":["post-1219","post","type-post","status-publish","format-standard","hentry","category-2010-05peter-schloer","tag-fotografie","tag-peter-schloer"],"translation":{"provider":"WPGlobus","version":"3.0.2","language":"en","enabled_languages":["de","en"],"languages":{"de":{"title":true,"content":true,"excerpt":false},"en":{"title":false,"content":false,"excerpt":false}}},"_links":{"self":[{"href":"https:\/\/www.galerie-obrist.de\/en\/wp-json\/wp\/v2\/posts\/1219","targetHints":{"allow":["GET"]}}],"collection":[{"href":"https:\/\/www.galerie-obrist.de\/en\/wp-json\/wp\/v2\/posts"}],"about":[{"href":"https:\/\/www.galerie-obrist.de\/en\/wp-json\/wp\/v2\/types\/post"}],"author":[{"embeddable":true,"href":"https:\/\/www.galerie-obrist.de\/en\/wp-json\/wp\/v2\/users\/2"}],"replies":[{"embeddable":true,"href":"https:\/\/www.galerie-obrist.de\/en\/wp-json\/wp\/v2\/comments?post=1219"}],"version-history":[{"count":3,"href":"https:\/\/www.galerie-obrist.de\/en\/wp-json\/wp\/v2\/posts\/1219\/revisions"}],"predecessor-version":[{"id":3446,"href":"https:\/\/www.galerie-obrist.de\/en\/wp-json\/wp\/v2\/posts\/1219\/revisions\/3446"}],"wp:attachment":[{"href":"https:\/\/www.galerie-obrist.de\/en\/wp-json\/wp\/v2\/media?parent=1219"}],"wp:term":[{"taxonomy":"category","embeddable":true,"href":"https:\/\/www.galerie-obrist.de\/en\/wp-json\/wp\/v2\/categories?post=1219"},{"taxonomy":"post_tag","embeddable":true,"href":"https:\/\/www.galerie-obrist.de\/en\/wp-json\/wp\/v2\/tags?post=1219"}],"curies":[{"name":"wp","href":"https:\/\/api.w.org\/{rel}","templated":true}]}}