{"id":1194,"date":"2010-02-19T15:35:00","date_gmt":"2010-02-19T14:35:00","guid":{"rendered":"http:\/\/www.obrist-gingold.com\/?p=432"},"modified":"2011-03-19T13:07:21","modified_gmt":"2011-03-19T11:07:21","slug":"gam-auf-der-art-karlsruhe-gam-at-the-art-karlsruhe","status":"publish","type":"post","link":"https:\/\/www.galerie-obrist.de\/en\/gam-auf-der-art-karlsruhe-gam-at-the-art-karlsruhe\/","title":{"rendered":"GAM auf der Art Karlsruhe | GAM at the Art Karlsruhe"},"content":{"rendered":"<div id='gallery-1' class='gallery galleryid-1194 gallery-columns-4 gallery-size-thumbnail'><figure class='gallery-item'>\n\t\t\t<div class='gallery-icon portrait'>\n\t\t\t\t<a href='https:\/\/www.galerie-obrist.de\/en\/gam-auf-der-art-karlsruhe-gam-at-the-art-karlsruhe\/art-karlsruhe2010\/'><img decoding=\"async\" width=\"150\" height=\"150\" data-src=\"https:\/\/www.galerie-obrist.de\/wordpress\/wp-content\/uploads\/2010\/02\/art-karlsruhe2010-150x150.gif\" class=\"attachment-thumbnail size-thumbnail lazyload\" alt=\"\" data-srcset=\"https:\/\/www.galerie-obrist.de\/wordpress\/wp-content\/uploads\/2010\/02\/art-karlsruhe2010-150x150.gif 150w, https:\/\/www.galerie-obrist.de\/wordpress\/wp-content\/uploads\/2010\/02\/art-karlsruhe2010-100x100.gif 100w\" data-sizes=\"100vw\" src=\"data:image\/svg+xml;base64,PHN2ZyB3aWR0aD0iMSIgaGVpZ2h0PSIxIiB4bWxucz0iaHR0cDovL3d3dy53My5vcmcvMjAwMC9zdmciPjwvc3ZnPg==\" style=\"--smush-placeholder-width: 150px; --smush-placeholder-aspect-ratio: 150\/150;\" \/><\/a>\n\t\t\t<\/div><\/figure><figure class='gallery-item'>\n\t\t\t<div class='gallery-icon portrait'>\n\t\t\t\t<a href='https:\/\/www.galerie-obrist.de\/en\/gam-auf-der-art-karlsruhe-gam-at-the-art-karlsruhe\/wasmankann\/'><img decoding=\"async\" width=\"150\" height=\"150\" data-src=\"https:\/\/www.galerie-obrist.de\/wordpress\/wp-content\/uploads\/2010\/02\/wasmankann-150x150.jpg\" class=\"attachment-thumbnail size-thumbnail lazyload\" alt=\"\" data-srcset=\"https:\/\/www.galerie-obrist.de\/wordpress\/wp-content\/uploads\/2010\/02\/wasmankann-150x150.jpg 150w, https:\/\/www.galerie-obrist.de\/wordpress\/wp-content\/uploads\/2010\/02\/wasmankann-100x100.jpg 100w\" data-sizes=\"100vw\" src=\"data:image\/svg+xml;base64,PHN2ZyB3aWR0aD0iMSIgaGVpZ2h0PSIxIiB4bWxucz0iaHR0cDovL3d3dy53My5vcmcvMjAwMC9zdmciPjwvc3ZnPg==\" style=\"--smush-placeholder-width: 150px; --smush-placeholder-aspect-ratio: 150\/150;\" \/><\/a>\n\t\t\t<\/div><\/figure><figure class='gallery-item'>\n\t\t\t<div class='gallery-icon portrait'>\n\t\t\t\t<a href='https:\/\/www.galerie-obrist.de\/en\/gam-auf-der-art-karlsruhe-gam-at-the-art-karlsruhe\/goethe-farbkreiswww-2\/'><img decoding=\"async\" width=\"150\" height=\"150\" data-src=\"https:\/\/www.galerie-obrist.de\/wordpress\/wp-content\/uploads\/2010\/02\/goethe-farbkreiswww-150x150.jpg\" class=\"attachment-thumbnail size-thumbnail lazyload\" alt=\"\" data-srcset=\"https:\/\/www.galerie-obrist.de\/wordpress\/wp-content\/uploads\/2010\/02\/goethe-farbkreiswww-150x150.jpg 150w, https:\/\/www.galerie-obrist.de\/wordpress\/wp-content\/uploads\/2010\/02\/goethe-farbkreiswww-300x300.jpg 300w, https:\/\/www.galerie-obrist.de\/wordpress\/wp-content\/uploads\/2010\/02\/goethe-farbkreiswww-100x100.jpg 100w\" data-sizes=\"100vw\" src=\"data:image\/svg+xml;base64,PHN2ZyB3aWR0aD0iMSIgaGVpZ2h0PSIxIiB4bWxucz0iaHR0cDovL3d3dy53My5vcmcvMjAwMC9zdmciPjwvc3ZnPg==\" style=\"--smush-placeholder-width: 150px; --smush-placeholder-aspect-ratio: 150\/150;\" \/><\/a>\n\t\t\t<\/div><\/figure><figure class='gallery-item'>\n\t\t\t<div class='gallery-icon landscape'>\n\t\t\t\t<a href='https:\/\/www.galerie-obrist.de\/en\/gam-auf-der-art-karlsruhe-gam-at-the-art-karlsruhe\/acr-stahl2008-50x261x15\/'><img decoding=\"async\" width=\"150\" height=\"150\" data-src=\"https:\/\/www.galerie-obrist.de\/wordpress\/wp-content\/uploads\/2010\/02\/acr-stahl2008-50x261x15-150x150.jpg\" class=\"attachment-thumbnail size-thumbnail lazyload\" alt=\"\" data-srcset=\"https:\/\/www.galerie-obrist.de\/wordpress\/wp-content\/uploads\/2010\/02\/acr-stahl2008-50x261x15-150x150.jpg 150w, https:\/\/www.galerie-obrist.de\/wordpress\/wp-content\/uploads\/2010\/02\/acr-stahl2008-50x261x15-300x298.jpg 300w, https:\/\/www.galerie-obrist.de\/wordpress\/wp-content\/uploads\/2010\/02\/acr-stahl2008-50x261x15-100x100.jpg 100w\" data-sizes=\"100vw\" src=\"data:image\/svg+xml;base64,PHN2ZyB3aWR0aD0iMSIgaGVpZ2h0PSIxIiB4bWxucz0iaHR0cDovL3d3dy53My5vcmcvMjAwMC9zdmciPjwvc3ZnPg==\" style=\"--smush-placeholder-width: 150px; --smush-placeholder-aspect-ratio: 150\/150;\" \/><\/a>\n\t\t\t<\/div><\/figure>\n\t\t<\/div>\n\n<p><span lang=\"de\">Vom 4.-7. M\u00e4rz 2010 ist GAM wieder auf der Art Karlsruhe, die inzwischen zu den wichtigsten Kunstmessen im deutschsprachigen Raum z\u00e4hlt. Wir zeigen am Stand H3 \/ K19 u.a. Arbeiten von Marcela B\u00f6hm, L\u00e1szl\u00f3 Lakner und Frederik Jan van den Berg. Wir freuen uns auf Ihren Besuch!<\/span><br \/>\n<span lang=\"en-us\"> 4-7 March, 2010, GAM again will participate in the Art Karlsruhe, which currently is one of the most important artfairs in Germany. You will find us at booth H3 \/ K19, where we present works of Marcela B\u00f6hm of L\u00e1szl\u00f3 Lakner and Frederik Jan van den Berg amongst others. We are looking forward to your visit!<\/span><\/p>\n","protected":false},"excerpt":{"rendered":"<p>Vom 4.-7. M\u00e4rz 2010 ist GAM wieder auf der Art Karlsruhe, die inzwischen zu den wichtigsten Kunstmessen im deutschsprachigen Raum z\u00e4hlt. Wir zeigen am Stand H3 \/ K19 u.a. Arbeiten von Marcela B\u00f6hm, L\u00e1szl\u00f3 Lakner und Frederik Jan van den Berg. Wir freuen uns auf Ihren Besuch! 4-7 March, 2010, GAM again will participate in &hellip; <\/p>\n<p class=\"link-more\"><a href=\"https:\/\/www.galerie-obrist.de\/en\/gam-auf-der-art-karlsruhe-gam-at-the-art-karlsruhe\/\" class=\"more-link\">Read more<span class=\"screen-reader-text\"> &#8220;GAM auf der Art Karlsruhe | GAM at the Art Karlsruhe&#8221;<\/span><\/a><\/p>\n","protected":false},"author":2,"featured_media":0,"comment_status":"open","ping_status":"open","sticky":false,"template":"","format":"standard","meta":{"ngg_post_thumbnail":0,"footnotes":""},"categories":[31,19],"tags":[14,12,61,38],"class_list":["post-1194","post","type-post","status-publish","format-standard","hentry","category-artkarlsruhe","category-artfairs","tag-art-karlsruhe","tag-eberhard-ross","tag-laszlo-lakner","tag-marcela-boehm"],"translation":{"provider":"WPGlobus","version":"3.0.2","language":"en","enabled_languages":["de","en"],"languages":{"de":{"title":true,"content":true,"excerpt":false},"en":{"title":false,"content":false,"excerpt":false}}},"_links":{"self":[{"href":"https:\/\/www.galerie-obrist.de\/en\/wp-json\/wp\/v2\/posts\/1194","targetHints":{"allow":["GET"]}}],"collection":[{"href":"https:\/\/www.galerie-obrist.de\/en\/wp-json\/wp\/v2\/posts"}],"about":[{"href":"https:\/\/www.galerie-obrist.de\/en\/wp-json\/wp\/v2\/types\/post"}],"author":[{"embeddable":true,"href":"https:\/\/www.galerie-obrist.de\/en\/wp-json\/wp\/v2\/users\/2"}],"replies":[{"embeddable":true,"href":"https:\/\/www.galerie-obrist.de\/en\/wp-json\/wp\/v2\/comments?post=1194"}],"version-history":[{"count":2,"href":"https:\/\/www.galerie-obrist.de\/en\/wp-json\/wp\/v2\/posts\/1194\/revisions"}],"predecessor-version":[{"id":1260,"href":"https:\/\/www.galerie-obrist.de\/en\/wp-json\/wp\/v2\/posts\/1194\/revisions\/1260"}],"wp:attachment":[{"href":"https:\/\/www.galerie-obrist.de\/en\/wp-json\/wp\/v2\/media?parent=1194"}],"wp:term":[{"taxonomy":"category","embeddable":true,"href":"https:\/\/www.galerie-obrist.de\/en\/wp-json\/wp\/v2\/categories?post=1194"},{"taxonomy":"post_tag","embeddable":true,"href":"https:\/\/www.galerie-obrist.de\/en\/wp-json\/wp\/v2\/tags?post=1194"}],"curies":[{"name":"wp","href":"https:\/\/api.w.org\/{rel}","templated":true}]}}