{"id":1179,"date":"2010-01-24T14:51:10","date_gmt":"2010-01-24T12:51:10","guid":{"rendered":"http:\/\/www.obrist-gingold.com\/?p=390"},"modified":"2011-03-31T17:37:59","modified_gmt":"2011-03-31T15:37:59","slug":"bilder-unserer-aktuellen-ausstellung-pictures-of-our-current-exhibition","status":"publish","type":"post","link":"https:\/\/www.galerie-obrist.de\/en\/bilder-unserer-aktuellen-ausstellung-pictures-of-our-current-exhibition\/","title":{"rendered":"Bilder unserer aktuellen Ausstellung | Pictures of our current exhibition"},"content":{"rendered":"<p><a href=\"http:\/\/blog.gam-essen.de\/wp-content\/uploads\/2010\/01\/ausstellung011.jpg\"><img decoding=\"async\" class=\"alignnone size-medium wp-image-1266 lazyload\" title=\"ausstellung011\" data-src=\"http:\/\/blog.gam-essen.de\/wp-content\/uploads\/2010\/01\/ausstellung011-300x225.jpg\" alt=\"ausstellung011\" width=\"300\" height=\"225\" data-srcset=\"https:\/\/www.galerie-obrist.de\/wordpress\/wp-content\/uploads\/2010\/01\/ausstellung011-300x225.jpg 300w, https:\/\/www.galerie-obrist.de\/wordpress\/wp-content\/uploads\/2010\/01\/ausstellung011.jpg 522w\" data-sizes=\"(max-width: 300px) 100vw, 300px\" src=\"data:image\/svg+xml;base64,PHN2ZyB3aWR0aD0iMSIgaGVpZ2h0PSIxIiB4bWxucz0iaHR0cDovL3d3dy53My5vcmcvMjAwMC9zdmciPjwvc3ZnPg==\" style=\"--smush-placeholder-width: 300px; --smush-placeholder-aspect-ratio: 300\/225;\" \/><\/a> <a href=\"http:\/\/blog.gam-essen.de\/wp-content\/uploads\/2010\/01\/ausstellung021.jpg\"><img decoding=\"async\" class=\"alignnone size-medium wp-image-1267 lazyload\" title=\"ausstellung021\" data-src=\"http:\/\/blog.gam-essen.de\/wp-content\/uploads\/2010\/01\/ausstellung021-300x225.jpg\" alt=\"ausstellung021\" width=\"300\" height=\"225\" data-srcset=\"https:\/\/www.galerie-obrist.de\/wordpress\/wp-content\/uploads\/2010\/01\/ausstellung021-300x225.jpg 300w, https:\/\/www.galerie-obrist.de\/wordpress\/wp-content\/uploads\/2010\/01\/ausstellung021.jpg 522w\" data-sizes=\"(max-width: 300px) 100vw, 300px\" src=\"data:image\/svg+xml;base64,PHN2ZyB3aWR0aD0iMSIgaGVpZ2h0PSIxIiB4bWxucz0iaHR0cDovL3d3dy53My5vcmcvMjAwMC9zdmciPjwvc3ZnPg==\" style=\"--smush-placeholder-width: 300px; --smush-placeholder-aspect-ratio: 300\/225;\" \/><\/a><\/p>\n<p><a href=\"http:\/\/blog.gam-essen.de\/wp-content\/uploads\/2010\/01\/ausstellung031.jpg\"><img decoding=\"async\" class=\"alignnone size-medium wp-image-1268 lazyload\" title=\"ausstellung031\" data-src=\"http:\/\/blog.gam-essen.de\/wp-content\/uploads\/2010\/01\/ausstellung031-199x300.jpg\" alt=\"ausstellung031\" width=\"199\" height=\"300\" data-srcset=\"https:\/\/www.galerie-obrist.de\/wordpress\/wp-content\/uploads\/2010\/01\/ausstellung031-199x300.jpg 199w, https:\/\/www.galerie-obrist.de\/wordpress\/wp-content\/uploads\/2010\/01\/ausstellung031.jpg 370w\" data-sizes=\"(max-width: 199px) 100vw, 199px\" src=\"data:image\/svg+xml;base64,PHN2ZyB3aWR0aD0iMSIgaGVpZ2h0PSIxIiB4bWxucz0iaHR0cDovL3d3dy53My5vcmcvMjAwMC9zdmciPjwvc3ZnPg==\" style=\"--smush-placeholder-width: 199px; --smush-placeholder-aspect-ratio: 199\/300;\" \/><\/a> <a href=\"http:\/\/blog.gam-essen.de\/wp-content\/uploads\/2010\/01\/ausstellung041.jpg\"><img decoding=\"async\" class=\"alignnone size-medium wp-image-1269 lazyload\" title=\"ausstellung041\" data-src=\"http:\/\/blog.gam-essen.de\/wp-content\/uploads\/2010\/01\/ausstellung041-200x300.jpg\" alt=\"ausstellung041\" width=\"200\" height=\"300\" data-srcset=\"https:\/\/www.galerie-obrist.de\/wordpress\/wp-content\/uploads\/2010\/01\/ausstellung041-200x300.jpg 200w, https:\/\/www.galerie-obrist.de\/wordpress\/wp-content\/uploads\/2010\/01\/ausstellung041.jpg 369w\" data-sizes=\"(max-width: 200px) 100vw, 200px\" src=\"data:image\/svg+xml;base64,PHN2ZyB3aWR0aD0iMSIgaGVpZ2h0PSIxIiB4bWxucz0iaHR0cDovL3d3dy53My5vcmcvMjAwMC9zdmciPjwvc3ZnPg==\" style=\"--smush-placeholder-width: 200px; --smush-placeholder-aspect-ratio: 200\/300;\" \/><\/a><\/p>\n<p><span lang=\"de\"><a href=\"?page_id=260\">Mehr zu L\u00e1szl\u00f3 Lakner<\/a><\/span><span lang=\"en-us\"><a href=\"?page_id=260\">More about L\u00e1szl\u00f3 Lakner<\/a><\/span><\/p>\n<p><span lang=\"de\">23.01.-13.03.2010 Laszlo Lakner und Freunde. Dirk Hupe, J\u00fcrgen Paas, Eberhard Ross.<br \/>\n<\/span><\/p>\n<p><span lang=\"en-us\">Jan. 23 &#8211; March 13, 2010 &#8211; Laszlo Lakner and friends. Dirk Hupe, J\u00fcrgen Paas, Eberhard Ross.<br \/>\n<\/span><\/p>\n","protected":false},"excerpt":{"rendered":"<p>Mehr zu L\u00e1szl\u00f3 LaknerMore about L\u00e1szl\u00f3 Lakner 23.01.-13.03.2010 Laszlo Lakner und Freunde. Dirk Hupe, J\u00fcrgen Paas, Eberhard Ross. Jan. 23 &#8211; March 13, 2010 &#8211; Laszlo Lakner and friends. Dirk Hupe, J\u00fcrgen Paas, Eberhard Ross.<\/p>\n","protected":false},"author":2,"featured_media":0,"comment_status":"open","ping_status":"open","sticky":false,"template":"","format":"standard","meta":{"ngg_post_thumbnail":0,"footnotes":""},"categories":[177],"tags":[133,12,104,61,29],"class_list":["post-1179","post","type-post","status-publish","format-standard","hentry","category-2010-01laszlo-lakner-und-freunde","tag-dirk-hupe","tag-eberhard-ross","tag-juergen-paas","tag-laszlo-lakner","tag-malerei"],"translation":{"provider":"WPGlobus","version":"3.0.2","language":"en","enabled_languages":["de","en"],"languages":{"de":{"title":true,"content":true,"excerpt":false},"en":{"title":false,"content":false,"excerpt":false}}},"_links":{"self":[{"href":"https:\/\/www.galerie-obrist.de\/en\/wp-json\/wp\/v2\/posts\/1179","targetHints":{"allow":["GET"]}}],"collection":[{"href":"https:\/\/www.galerie-obrist.de\/en\/wp-json\/wp\/v2\/posts"}],"about":[{"href":"https:\/\/www.galerie-obrist.de\/en\/wp-json\/wp\/v2\/types\/post"}],"author":[{"embeddable":true,"href":"https:\/\/www.galerie-obrist.de\/en\/wp-json\/wp\/v2\/users\/2"}],"replies":[{"embeddable":true,"href":"https:\/\/www.galerie-obrist.de\/en\/wp-json\/wp\/v2\/comments?post=1179"}],"version-history":[{"count":4,"href":"https:\/\/www.galerie-obrist.de\/en\/wp-json\/wp\/v2\/posts\/1179\/revisions"}],"predecessor-version":[{"id":1353,"href":"https:\/\/www.galerie-obrist.de\/en\/wp-json\/wp\/v2\/posts\/1179\/revisions\/1353"}],"wp:attachment":[{"href":"https:\/\/www.galerie-obrist.de\/en\/wp-json\/wp\/v2\/media?parent=1179"}],"wp:term":[{"taxonomy":"category","embeddable":true,"href":"https:\/\/www.galerie-obrist.de\/en\/wp-json\/wp\/v2\/categories?post=1179"},{"taxonomy":"post_tag","embeddable":true,"href":"https:\/\/www.galerie-obrist.de\/en\/wp-json\/wp\/v2\/tags?post=1179"}],"curies":[{"name":"wp","href":"https:\/\/api.w.org\/{rel}","templated":true}]}}