{"id":11478,"date":"2021-03-19T19:00:40","date_gmt":"2021-03-19T18:00:40","guid":{"rendered":"https:\/\/www.galerie-obrist.de\/wordpress\/?p=11478"},"modified":"2021-06-19T12:49:32","modified_gmt":"2021-06-19T10:49:32","slug":"naehe-1-first-view","status":"publish","type":"post","link":"https:\/\/www.galerie-obrist.de\/en\/naehe-1-first-view\/","title":{"rendered":"N\u00c4HE #1 &#8211; First View"},"content":{"rendered":"<p>Video on our exhibition:<\/p>\n<p><b>N\u00c4HE #1 &#8211; <em>ber\u00fchren.<\/em> Opening Friday, 19 March, 2021, 7 p.m.<\/b>\n<\/p>\n<p><iframe title=\"N&amp;Auml;HE #1 - ber&amp;uuml;hren\" data-src=\"https:\/\/player.vimeo.com\/video\/526217748?h=b007b34e21&amp;dnt=1&amp;app_id=122963\" width=\"950\" height=\"534\" frameborder=\"0\" allow=\"autoplay; fullscreen; picture-in-picture\" allowfullscreen src=\"data:image\/svg+xml;base64,PHN2ZyB3aWR0aD0iMSIgaGVpZ2h0PSIxIiB4bWxucz0iaHR0cDovL3d3dy53My5vcmcvMjAwMC9zdmciPjwvc3ZnPg==\" class=\"lazyload\" data-load-mode=\"1\"><\/iframe><\/p>\n<p><strong>N\u00c4HE (Closeness) exhibition series<br \/>Artists: Marcela B\u00f6hm, Andrea Bo\u017ei\u0107 &#038; Julia Willms, John Coplans, EVA &#038; ADELE, FLATZ, (e.)Twin Gabriel, Simone Haack, Franziska Nast, Annegret Soltau<\/p>\n<p>Schedule: March until August, 2021<br \/>\n03\/19\/ \u2013 05\/02\/2021 N\u00c4HE #1 \u2013 ber\u00fchren (touch)<br \/>\n05\/07\/ \u2013 06\/12\/2021 N\u00c4HE #2 \u2013 sp\u00fcren (feel)<br \/>\n06\/18\/ \u2013 08\/28\/2021 N\u00c4HE #3 \u2013 verf\u00fchren (seduce)<\/p>\n<p>Book N\u00c4HE, Kerber Verlag<\/strong><\/p>\n<p>https:\/\/www.galerie-obrist.de\/wordpress\/art2buy\/naehe-beruehren-spueren-verfuehren\/<\/p>\n<p><img decoding=\"async\" data-src=\"https:\/\/www.galerie-obrist.de\/wordpress\/wp-content\/uploads\/2021\/01\/logo-nk.jpg\" alt=\"\" width=\"100\" height=\"100\" class=\"alignleft size-full wp-image-11325 lazyload\" data-srcset=\"https:\/\/www.galerie-obrist.de\/wordpress\/wp-content\/uploads\/2021\/01\/logo-nk-150x150.jpg 150w, https:\/\/www.galerie-obrist.de\/wordpress\/wp-content\/uploads\/2021\/01\/logo-nk-300x300.jpg 300w, https:\/\/www.galerie-obrist.de\/wordpress\/wp-content\/uploads\/2021\/01\/logo-nk-100x100.jpg 100w\" data-sizes=\"(max-width: 100px) 100vw, 100px\" src=\"data:image\/svg+xml;base64,PHN2ZyB3aWR0aD0iMSIgaGVpZ2h0PSIxIiB4bWxucz0iaHR0cDovL3d3dy53My5vcmcvMjAwMC9zdmciPjwvc3ZnPg==\" style=\"--smush-placeholder-width: 100px; --smush-placeholder-aspect-ratio: 100\/100;\" \/><\/p>\n<p><img decoding=\"async\" data-src=\"https:\/\/www.galerie-obrist.de\/wordpress\/wp-content\/uploads\/2021\/01\/logo-sk.jpg\" alt=\"\" width=\"200\" height=\"28\" class=\"alignleft size-full wp-image-11326 lazyload\" data-srcset=\"https:\/\/www.galerie-obrist.de\/wordpress\/wp-content\/uploads\/2021\/01\/logo-sk.jpg 969w, https:\/\/www.galerie-obrist.de\/wordpress\/wp-content\/uploads\/2021\/01\/logo-sk-450x63.jpg 450w, https:\/\/www.galerie-obrist.de\/wordpress\/wp-content\/uploads\/2021\/01\/logo-sk-768x107.jpg 768w, https:\/\/www.galerie-obrist.de\/wordpress\/wp-content\/uploads\/2021\/01\/logo-sk-600x84.jpg 600w\" data-sizes=\"(max-width: 200px) 100vw, 200px\" src=\"data:image\/svg+xml;base64,PHN2ZyB3aWR0aD0iMSIgaGVpZ2h0PSIxIiB4bWxucz0iaHR0cDovL3d3dy53My5vcmcvMjAwMC9zdmciPjwvc3ZnPg==\" style=\"--smush-placeholder-width: 200px; --smush-placeholder-aspect-ratio: 200\/28;\" \/><\/p>\n","protected":false},"excerpt":{"rendered":"<p>Video on our exhibition: N\u00c4HE #1 &#8211; ber\u00fchren. Opening Friday, 19 March, 2021, 7 p.m. N\u00c4HE (Closeness) exhibition seriesArtists: Marcela B\u00f6hm, Andrea Bo\u017ei\u0107 &#038; Julia Willms, John Coplans, EVA &#038; ADELE, FLATZ, (e.)Twin Gabriel, Simone Haack, Franziska Nast, Annegret Soltau Schedule: March until August, 2021 03\/19\/ \u2013 05\/02\/2021 N\u00c4HE #1 \u2013 ber\u00fchren (touch) 05\/07\/ \u2013 &hellip; <\/p>\n<p class=\"link-more\"><a href=\"https:\/\/www.galerie-obrist.de\/en\/naehe-1-first-view\/\" class=\"more-link\">Read more<span class=\"screen-reader-text\"> &#8220;N\u00c4HE #1 &#8211; First View&#8221;<\/span><\/a><\/p>\n","protected":false},"author":2,"featured_media":11538,"comment_status":"closed","ping_status":"open","sticky":false,"template":"","format":"standard","meta":{"ngg_post_thumbnail":0,"footnotes":""},"categories":[516,515],"tags":[524],"class_list":["post-11478","post","type-post","status-publish","format-standard","has-post-thumbnail","hentry","category-2021-03-naehe","category-exhibitions2021","tag-naehe1"],"translation":{"provider":"WPGlobus","version":"3.0.2","language":"en","enabled_languages":["de","en"],"languages":{"de":{"title":true,"content":true,"excerpt":false},"en":{"title":true,"content":true,"excerpt":false}}},"_links":{"self":[{"href":"https:\/\/www.galerie-obrist.de\/en\/wp-json\/wp\/v2\/posts\/11478","targetHints":{"allow":["GET"]}}],"collection":[{"href":"https:\/\/www.galerie-obrist.de\/en\/wp-json\/wp\/v2\/posts"}],"about":[{"href":"https:\/\/www.galerie-obrist.de\/en\/wp-json\/wp\/v2\/types\/post"}],"author":[{"embeddable":true,"href":"https:\/\/www.galerie-obrist.de\/en\/wp-json\/wp\/v2\/users\/2"}],"replies":[{"embeddable":true,"href":"https:\/\/www.galerie-obrist.de\/en\/wp-json\/wp\/v2\/comments?post=11478"}],"version-history":[{"count":14,"href":"https:\/\/www.galerie-obrist.de\/en\/wp-json\/wp\/v2\/posts\/11478\/revisions"}],"predecessor-version":[{"id":11630,"href":"https:\/\/www.galerie-obrist.de\/en\/wp-json\/wp\/v2\/posts\/11478\/revisions\/11630"}],"wp:featuredmedia":[{"embeddable":true,"href":"https:\/\/www.galerie-obrist.de\/en\/wp-json\/wp\/v2\/media\/11538"}],"wp:attachment":[{"href":"https:\/\/www.galerie-obrist.de\/en\/wp-json\/wp\/v2\/media?parent=11478"}],"wp:term":[{"taxonomy":"category","embeddable":true,"href":"https:\/\/www.galerie-obrist.de\/en\/wp-json\/wp\/v2\/categories?post=11478"},{"taxonomy":"post_tag","embeddable":true,"href":"https:\/\/www.galerie-obrist.de\/en\/wp-json\/wp\/v2\/tags?post=11478"}],"curies":[{"name":"wp","href":"https:\/\/api.w.org\/{rel}","templated":true}]}}