{"id":1130,"date":"2009-11-06T17:04:16","date_gmt":"2009-11-06T16:04:16","guid":{"rendered":"http:\/\/www.obrist-gingold.com\/blog\/?p=57"},"modified":"2013-08-31T13:24:46","modified_gmt":"2013-08-31T11:24:46","slug":"neue-fotoarbeiten-von-peter-schlor","status":"publish","type":"post","link":"https:\/\/www.galerie-obrist.de\/en\/neue-fotoarbeiten-von-peter-schlor\/","title":{"rendered":"Neue Fotoarbeiten von Peter Schl\u00f6r | New photoworks of Peter Schl\u00f6r"},"content":{"rendered":"<figure id=\"attachment_103\" aria-describedby=\"caption-attachment-103\" style=\"width: 300px\" class=\"wp-caption alignnone\"><a href=\"http:\/\/blog.gam-essen.de\/wp-content\/uploads\/2009\/11\/schloer-mannheimer-kunstverein-11-09.jpg\" target=\"_blank\"><img decoding=\"async\" class=\"size-medium wp-image-103 lazyload\" title=\"Schloer-Mannheimer Kunstverein 11-09\" data-src=\"\/wordpress\/wp-content\/uploads\/2009\/11\/Schloer-Mannheimer-Kunstverein-11-09-300x176.jpg\" alt=\"Ausstellungsansicht Mannheimer Kunstverein\" width=\"300\" height=\"176\" src=\"data:image\/svg+xml;base64,PHN2ZyB3aWR0aD0iMSIgaGVpZ2h0PSIxIiB4bWxucz0iaHR0cDovL3d3dy53My5vcmcvMjAwMC9zdmciPjwvc3ZnPg==\" style=\"--smush-placeholder-width: 300px; --smush-placeholder-aspect-ratio: 300\/176;\" \/><\/a><figcaption id=\"caption-attachment-103\" class=\"wp-caption-text\">Mannheimer Kunstverein Dec. 2009<\/figcaption><\/figure>\n<p><span lang=\"de\"><a href=\"?page_id=534&#038;lang=de\">Mehr zu Peter Schl\u00f6r<\/a><\/span><br \/>\n<span lang=\"en-us\"><a href=\"?page_id=534&#038;lang=en-us\">More about Peter Schl\u00f6r<\/a><\/span><br \/>\n<span lang=\"de\">29.05.-03.07.2010 &#8211; Peter Schl\u00f6r: Deep Black \/ Bright White. Fotoarbeiten.<\/span><br \/>\n<span lang=\"en-us\">29 May &#8211; 3 July, 2010 &#8211; Peter Schl\u00f6r: Deep Black \/ Bright White. Photoworks.<\/span><\/p>\n","protected":false},"excerpt":{"rendered":"<p>Mehr zu Peter Schl\u00f6r More about Peter Schl\u00f6r 29.05.-03.07.2010 &#8211; Peter Schl\u00f6r: Deep Black \/ Bright White. Fotoarbeiten. 29 May &#8211; 3 July, 2010 &#8211; Peter Schl\u00f6r: Deep Black \/ Bright White. Photoworks.<\/p>\n","protected":false},"author":2,"featured_media":0,"comment_status":"open","ping_status":"open","sticky":false,"template":"","format":"standard","meta":{"ngg_post_thumbnail":0,"footnotes":""},"categories":[169],"tags":[64],"class_list":["post-1130","post","type-post","status-publish","format-standard","hentry","category-2010-05peter-schloer","tag-peter-schloer"],"translation":{"provider":"WPGlobus","version":"3.0.1","language":"en","enabled_languages":["de","en"],"languages":{"de":{"title":true,"content":true,"excerpt":false},"en":{"title":false,"content":false,"excerpt":false}}},"_links":{"self":[{"href":"https:\/\/www.galerie-obrist.de\/en\/wp-json\/wp\/v2\/posts\/1130","targetHints":{"allow":["GET"]}}],"collection":[{"href":"https:\/\/www.galerie-obrist.de\/en\/wp-json\/wp\/v2\/posts"}],"about":[{"href":"https:\/\/www.galerie-obrist.de\/en\/wp-json\/wp\/v2\/types\/post"}],"author":[{"embeddable":true,"href":"https:\/\/www.galerie-obrist.de\/en\/wp-json\/wp\/v2\/users\/2"}],"replies":[{"embeddable":true,"href":"https:\/\/www.galerie-obrist.de\/en\/wp-json\/wp\/v2\/comments?post=1130"}],"version-history":[{"count":2,"href":"https:\/\/www.galerie-obrist.de\/en\/wp-json\/wp\/v2\/posts\/1130\/revisions"}],"predecessor-version":[{"id":3448,"href":"https:\/\/www.galerie-obrist.de\/en\/wp-json\/wp\/v2\/posts\/1130\/revisions\/3448"}],"wp:attachment":[{"href":"https:\/\/www.galerie-obrist.de\/en\/wp-json\/wp\/v2\/media?parent=1130"}],"wp:term":[{"taxonomy":"category","embeddable":true,"href":"https:\/\/www.galerie-obrist.de\/en\/wp-json\/wp\/v2\/categories?post=1130"},{"taxonomy":"post_tag","embeddable":true,"href":"https:\/\/www.galerie-obrist.de\/en\/wp-json\/wp\/v2\/tags?post=1130"}],"curies":[{"name":"wp","href":"https:\/\/api.w.org\/{rel}","templated":true}]}}